{"id":267199,"date":"2026-09-03T05:15:12","date_gmt":"2026-09-03T05:15:12","guid":{"rendered":"https:\/\/www.europesays.com\/ee\/267199\/"},"modified":"2026-09-03T05:15:12","modified_gmt":"2026-09-03T05:15:12","slug":"tunjov-skooris-taas-aga-eestlase-koduklubi-langes-karikasarjas-kait-larsen-slovakkia-eestlased-soccernet-ee","status":"publish","type":"post","link":"https:\/\/www.europesays.com\/ee\/267199\/","title":{"rendered":"Tunjov skooris taas, aga eestlase koduklubi langes karikasarjas (+K\u00e4it, Larsen, Slovakkia eestlased) &#8211; Soccernet.ee"},"content":{"rendered":"<p><img decoding=\"async\" src=\"https:\/\/www.europesays.com\/ee\/wp-content\/uploads\/2026\/09\/1787520720.jpg\" alt=\"Georgi Tunjov on uues koduklubis l\u00f6\u00f6nud kolme m\u00e4nguga kaks v\u00e4ravat. Foto: Liisi Troska \/ jalgpall.ee\"\/>&#13;\n<\/p>\n<p>Eesti poolkaitsja Georgi Tunjov l\u00f5i Sambenedettese s\u00e4rgis teise v\u00e4rava, kuid nende Itaalia karikasarja teekond l\u00f5ppes penaltiseeria kaotuse j\u00e4rel.<\/p>\n<p>Tunjov kuulus uue koduklubi eest esimest korda algkoosseisu ja viis karikam\u00e4ngus Altamura vastu meeskonna 20. minutil juhtima. Sambenedettese eduseis suurenes 72. minutil, ent Tunjovi koduklubi lasi kahev\u00e4ravalise eduseisu normaalaja viimase veerandtunniga k\u00e4est. Giancarlo Malcore kaks v\u00e4ravat viisid m\u00e4ngu penaltitele, kus Altamura v\u00f5itis 8:7. Tunjov, kes l\u00f5i poolteist n\u00e4dalat tagasi liigam\u00e4ngus deb\u00fc\u00fctv\u00e4rava, vahetati v\u00e4lja 61. minutil ja penaltiseerias kaasa ei teinud.&#13;\n<\/p>\n<p>Mattias K\u00e4idi ja Patrik Kristali koduklubi Thun m\u00e4ngis \u0160veitsi k\u00f5rgliigas v\u00e4ravateta viiki Lausanne&#8217;iga. K\u00e4it sekkus m\u00e4ngu vahetusest 81. minutil, nagu ka eelmisel n\u00e4dalavahetusel 4:3 v\u00f5idum\u00e4ngus St. Galleni vastu. Teisip\u00e4eval Thuniga liitunud Kristal polnud t\u00e4na veel meeskonna koosseisus. Thun on viie m\u00e4ngu j\u00e4rel seitsme punktiga kuuendal kohal.&#13;\n<\/p>\n<p>Michael Schj\u00f6nning-Larsen ja Kilmarnock kaotasid \u0160otimaa k\u00f5rgliigas 0:1 St. Mirrenile. Kohtumise ainus v\u00e4rav s\u00fcndis neljandal minutil, autor oli Fraser Taylor. Eesti koondise \u00e4\u00e4rekaitsja m\u00e4ngis kogu kohtumise. Kilmarnockil on ainsana nelja m\u00e4ngu j\u00e4rel \u0160otimaa k\u00f5rgliigas punktiarve avamata.&#13;\n<\/p>\n<p>Kevor Palumets ei kuulunud Ko\u0161ice karikam\u00e4ngus Slovakkia madalama liiga meeskonna Harichovce vastu koosseisu. Ko\u0161ice v\u00f5itis m\u00e4ngu kindlalt 7:0 ja edenes j\u00e4rgmisesse ringi.&#13;\n<\/p>\n<p>Markus Poomi, Dimitri Jepihhini ja Kristo Hussari koduklubi Trencin tagas samuti edasip\u00e4\u00e4su j\u00e4rgmisesse ringi, alistades 2:0 neljanda liiga meeskonna Krasno. Poom m\u00e4ngis kogu kohtumise, Jepihhin oli pingil ning Hussar puudus koosseisust.&#13;\n<\/p>\n<p>Edasi p\u00e4\u00e4ses ka Aleksandr Lohmatovi koduklubi Pohronie, mis alistas 3:1 viienda liiga meeskonna Pribelce. Lohmatov vahetati avapoolaja j\u00e4rel v\u00e4lja, mil Pohronie oli kaotusseisus.&#13;\n<\/p>\n<p>M\u00e4rten Kuusk ja Varssavi Polonia edenesid Poola karikasarjas samuti j\u00e4rgmisesse ringi, alistades hilise v\u00e4rava abil 1:0 kolmanda liiga klubi Polkowice Gorniku. Kuusk j\u00e4lgis kogu kohtumist pingilt.<\/p>\n","protected":false},"excerpt":{"rendered":"&#13; Eesti poolkaitsja Georgi Tunjov l\u00f5i Sambenedettese s\u00e4rgis teise v\u00e4rava, kuid nende Itaalia karikasarja teekond l\u00f5ppes penaltiseeria kaotuse&hellip;\n","protected":false},"author":2,"featured_media":267200,"comment_status":"","ping_status":"","sticky":false,"template":"","format":"standard","meta":{"footnotes":"","_share_on_mastodon":"0"},"categories":[18],"tags":[8266,916,37,33,35,34,36,9215,33281,5989,6576,918,33743,88316,7231,7956,3093,10509,6889,3095,5651,19357,10105,921,48597,91461,6893,81788,22995,159,158,8582,5991,9218],"class_list":["post-267199","post","type-post","status-publish","format-standard","has-post-thumbnail","category-sport","tag-aleksandr-lohmatov","tag-dimitri-jepihhin","tag-ee","tag-eesti","tag-eesti-keel","tag-estonia","tag-estonian","tag-georgi-tunjov","tag-hussar","tag-jepihhin","tag-kait","tag-kevor-palumets","tag-kilmarnock","tag-kosice","tag-kristal","tag-kristo-hussar","tag-kuusk","tag-lohmatov","tag-markus-poom","tag-marten-kuusk","tag-mattias-kait","tag-michael-schjonning-larse","tag-palumets","tag-patrik-kristal","tag-pohronie","tag-polonia","tag-poom","tag-sambenedettese","tag-schjonning-larsen","tag-sport","tag-sports","tag-thun","tag-trencin","tag-tunjov"],"share_on_mastodon":{"url":"","error":"Validation failed: Text character limit of 500 exceeded"},"_links":{"self":[{"href":"https:\/\/www.europesays.com\/ee\/wp-json\/wp\/v2\/posts\/267199","targetHints":{"allow":["GET"]}}],"collection":[{"href":"https:\/\/www.europesays.com\/ee\/wp-json\/wp\/v2\/posts"}],"about":[{"href":"https:\/\/www.europesays.com\/ee\/wp-json\/wp\/v2\/types\/post"}],"author":[{"embeddable":true,"href":"https:\/\/www.europesays.com\/ee\/wp-json\/wp\/v2\/users\/2"}],"replies":[{"embeddable":true,"href":"https:\/\/www.europesays.com\/ee\/wp-json\/wp\/v2\/comments?post=267199"}],"version-history":[{"count":0,"href":"https:\/\/www.europesays.com\/ee\/wp-json\/wp\/v2\/posts\/267199\/revisions"}],"wp:featuredmedia":[{"embeddable":true,"href":"https:\/\/www.europesays.com\/ee\/wp-json\/wp\/v2\/media\/267200"}],"wp:attachment":[{"href":"https:\/\/www.europesays.com\/ee\/wp-json\/wp\/v2\/media?parent=267199"}],"wp:term":[{"taxonomy":"category","embeddable":true,"href":"https:\/\/www.europesays.com\/ee\/wp-json\/wp\/v2\/categories?post=267199"},{"taxonomy":"post_tag","embeddable":true,"href":"https:\/\/www.europesays.com\/ee\/wp-json\/wp\/v2\/tags?post=267199"}],"curies":[{"name":"wp","href":"https:\/\/api.w.org\/{rel}","templated":true}]}}