{"id":267207,"date":"2026-09-03T05:37:09","date_gmt":"2026-09-03T05:37:09","guid":{"rendered":"https:\/\/www.europesays.com\/ee\/267207\/"},"modified":"2026-09-03T05:37:09","modified_gmt":"2026-09-03T05:37:09","slug":"kinodesse-jouab-novembris-mangufilm-maserati-algusaegadest-ja-naitlejate-nimekiri-on-paljulubav","status":"publish","type":"post","link":"https:\/\/www.europesays.com\/ee\/267207\/","title":{"rendered":"Kinodesse j\u00f5uab novembris m\u00e4ngufilm Maserati algusaegadest ja n\u00e4itlejate nimekiri on paljulubav"},"content":{"rendered":"<p>N\u00e4itlejate nimistu on muljetavaldav. Teiste seas teevad kaasa Oscari v\u00f5itjad Al Pacino ja Anthony Hopkins ning ka Andy Garcia ja Jessica Alba. Linateos keskendub automargi loomisele loomisele aastal 1914, kui vennad Alfieri, Bindo, Carlo, Ernesto ja Ettore Maserati sellele aluse panid. Iroonilisel kombel kehastab filmis Ernesto Maseratit n\u00e4itleja nimega Leo Ferrari.<\/p>\n<p>Apollo Kino kodulehe andmetel peaks \u201eMaserati: The Brothers\u201c filmi esilinastus aset leidma 6. novembril. Vaata filmi treilerit siit:<\/p>\n<p>Kuidas see lugu Sind end tundma pani?Saada<\/p>\n","protected":false},"excerpt":{"rendered":"N\u00e4itlejate nimistu on muljetavaldav. Teiste seas teevad kaasa Oscari v\u00f5itjad Al Pacino ja Anthony Hopkins ning ka Andy&hellip;\n","protected":false},"author":2,"featured_media":267208,"comment_status":"","ping_status":"","sticky":false,"template":"","format":"standard","meta":{"footnotes":"","_share_on_mastodon":"0"},"categories":[16],"tags":[37,33,35,173,34,36,97416,140],"class_list":["post-267207","post","type-post","status-publish","format-standard","has-post-thumbnail","category-meelelahutus","tag-ee","tag-eesti","tag-eesti-keel","tag-entertainment","tag-estonia","tag-estonian","tag-maserati","tag-meelelahutus"],"share_on_mastodon":{"url":"https:\/\/pubeurope.com\/@ee\/117205496253573985","error":""},"_links":{"self":[{"href":"https:\/\/www.europesays.com\/ee\/wp-json\/wp\/v2\/posts\/267207","targetHints":{"allow":["GET"]}}],"collection":[{"href":"https:\/\/www.europesays.com\/ee\/wp-json\/wp\/v2\/posts"}],"about":[{"href":"https:\/\/www.europesays.com\/ee\/wp-json\/wp\/v2\/types\/post"}],"author":[{"embeddable":true,"href":"https:\/\/www.europesays.com\/ee\/wp-json\/wp\/v2\/users\/2"}],"replies":[{"embeddable":true,"href":"https:\/\/www.europesays.com\/ee\/wp-json\/wp\/v2\/comments?post=267207"}],"version-history":[{"count":0,"href":"https:\/\/www.europesays.com\/ee\/wp-json\/wp\/v2\/posts\/267207\/revisions"}],"wp:featuredmedia":[{"embeddable":true,"href":"https:\/\/www.europesays.com\/ee\/wp-json\/wp\/v2\/media\/267208"}],"wp:attachment":[{"href":"https:\/\/www.europesays.com\/ee\/wp-json\/wp\/v2\/media?parent=267207"}],"wp:term":[{"taxonomy":"category","embeddable":true,"href":"https:\/\/www.europesays.com\/ee\/wp-json\/wp\/v2\/categories?post=267207"},{"taxonomy":"post_tag","embeddable":true,"href":"https:\/\/www.europesays.com\/ee\/wp-json\/wp\/v2\/tags?post=267207"}],"curies":[{"name":"wp","href":"https:\/\/api.w.org\/{rel}","templated":true}]}}