{"id":267219,"date":"2026-09-03T05:50:51","date_gmt":"2026-09-03T05:50:51","guid":{"rendered":"https:\/\/www.europesays.com\/ee\/267219\/"},"modified":"2026-09-03T05:50:51","modified_gmt":"2026-09-03T05:50:51","slug":"intervjuu-sunly-avab-baltimaade-suurima-paikesepargi-ja-surub-keskpaevased-elektrihinnad-veelgi-madalamale-2","status":"publish","type":"post","link":"https:\/\/www.europesays.com\/ee\/267219\/","title":{"rendered":"INTERVJUU | Sunly avab Baltimaade suurima p\u00e4ikesepargi ja surub keskp\u00e4evased elektrihinnad veelgi madalamale"},"content":{"rendered":"<p>Sunly \u00e4ritegevus t\u00f5i 2025. aastal ettev\u00f5ttesse ligi seitse miljonit eurot, kuid intresse maksti \u00fcle 28 miljoni euro. M\u00fc\u00fcgitulu oli 35,5 miljonit eurot ning puhaskahjum 32,6 miljonit eurot.<\/p>\n<p class=\"isSelectedEnd\">Need arvud ei t\u00e4henda, et Sunlyt vaevaksid makseraskused. Ettev\u00f5te on rahastanud omakapitali ja uute laenudega p\u00e4ikeseparkide ehitust, kuid laenude intresse tuleb maksta juba enne, kui valmivad elektrijaamad tulu teenima hakkavad.<\/p>\n","protected":false},"excerpt":{"rendered":"Sunly \u00e4ritegevus t\u00f5i 2025. aastal ettev\u00f5ttesse ligi seitse miljonit eurot, kuid intresse maksti \u00fcle 28 miljoni euro. M\u00fc\u00fcgitulu&hellip;\n","protected":false},"author":2,"featured_media":267220,"comment_status":"","ping_status":"","sticky":false,"template":"","format":"standard","meta":{"footnotes":"","_share_on_mastodon":"0"},"categories":[14],"tags":[58991,131,130,37,33,35,7275,34,36,8418,57561,58279,9558,3079],"class_list":["post-267219","post","type-post","status-publish","format-standard","has-post-thumbnail","category-ari","tag-akusalvestus","tag-ari","tag-business","tag-ee","tag-eesti","tag-eesti-keel","tag-elektri-hind","tag-estonia","tag-estonian","tag-paikeseenergia","tag-priit-lepasepp","tag-risti-paikesepark","tag-sunly","tag-tuulepark"],"share_on_mastodon":{"url":"https:\/\/pubeurope.com\/@ee\/117205551343465312","error":""},"_links":{"self":[{"href":"https:\/\/www.europesays.com\/ee\/wp-json\/wp\/v2\/posts\/267219","targetHints":{"allow":["GET"]}}],"collection":[{"href":"https:\/\/www.europesays.com\/ee\/wp-json\/wp\/v2\/posts"}],"about":[{"href":"https:\/\/www.europesays.com\/ee\/wp-json\/wp\/v2\/types\/post"}],"author":[{"embeddable":true,"href":"https:\/\/www.europesays.com\/ee\/wp-json\/wp\/v2\/users\/2"}],"replies":[{"embeddable":true,"href":"https:\/\/www.europesays.com\/ee\/wp-json\/wp\/v2\/comments?post=267219"}],"version-history":[{"count":0,"href":"https:\/\/www.europesays.com\/ee\/wp-json\/wp\/v2\/posts\/267219\/revisions"}],"wp:featuredmedia":[{"embeddable":true,"href":"https:\/\/www.europesays.com\/ee\/wp-json\/wp\/v2\/media\/267220"}],"wp:attachment":[{"href":"https:\/\/www.europesays.com\/ee\/wp-json\/wp\/v2\/media?parent=267219"}],"wp:term":[{"taxonomy":"category","embeddable":true,"href":"https:\/\/www.europesays.com\/ee\/wp-json\/wp\/v2\/categories?post=267219"},{"taxonomy":"post_tag","embeddable":true,"href":"https:\/\/www.europesays.com\/ee\/wp-json\/wp\/v2\/tags?post=267219"}],"curies":[{"name":"wp","href":"https:\/\/api.w.org\/{rel}","templated":true}]}}