{"id":267229,"date":"2026-09-03T06:04:22","date_gmt":"2026-09-03T06:04:22","guid":{"rendered":"https:\/\/www.europesays.com\/ee\/267229\/"},"modified":"2026-09-03T06:04:22","modified_gmt":"2026-09-03T06:04:22","slug":"paremoolsete-juhatus-aeg-on-kristen-michal-tagasi-kutsuda","status":"publish","type":"post","link":"https:\/\/www.europesays.com\/ee\/267229\/","title":{"rendered":"Paremoolsete juhatus: aeg on Kristen Michal tagasi kutsuda"},"content":{"rendered":"<p>\u00abRiigirahandus on j\u00e4tkusuutmatu, j\u00e4reltulevatele p\u00f5lvedele tahetakse kaela j\u00e4tta kolossaalsed v\u00f5lad ning n\u00fc\u00fcd on kahtluse alla seatud riigikaitse raha aus kasutamine. On selge, et valdav enamus inimesi \u00fcle kogu poliitilise spektri soovib t\u00e4na Michali kiiret lahkumist. T\u00e4naseks ei ole k\u00fcsimus aga Michali j\u00e4tkamises, tema usaldus on niikuinii olematu ja l\u00e4inud, vaid selles, kuidas tuua riik v\u00e4lja sellest s\u00fcgavast poliitilisest kriisit, kuhu Michal ja Reformierakond Eesti on viinud,\u00bb leiavad Parempoolsed.<\/p>\n","protected":false},"excerpt":{"rendered":"\u00abRiigirahandus on j\u00e4tkusuutmatu, j\u00e4reltulevatele p\u00f5lvedele tahetakse kaela j\u00e4tta kolossaalsed v\u00f5lad ning n\u00fc\u00fcd on kahtluse alla seatud riigikaitse raha&hellip;\n","protected":false},"author":2,"featured_media":267230,"comment_status":"","ping_status":"","sticky":false,"template":"","format":"standard","meta":{"footnotes":"","_share_on_mastodon":"0"},"categories":[5],"tags":[71,26,27,37,33,35,34,36,31,32,21,668,381,1000,28,29,672,19,676,999,25,159,23,24,22,20,30],"class_list":["post-267229","post","type-post","status-publish","format-standard","has-post-thumbnail","category-uldised-uudised","tag-arvamus","tag-breaking-news","tag-breakingnews","tag-ee","tag-eesti","tag-eesti-keel","tag-estonia","tag-estonian","tag-featured-news","tag-featurednews","tag-headlines","tag-ilm","tag-internet","tag-krimi","tag-latest-news","tag-latestnews","tag-majandus","tag-news","tag-pank","tag-poliitika","tag-populaarseimad-lood","tag-sport","tag-top-stories","tag-topstories","tag-uldised-uudised","tag-uudised","tag-viimased-uudised"],"share_on_mastodon":{"url":"https:\/\/pubeurope.com\/@ee\/117205602487119657","error":""},"_links":{"self":[{"href":"https:\/\/www.europesays.com\/ee\/wp-json\/wp\/v2\/posts\/267229","targetHints":{"allow":["GET"]}}],"collection":[{"href":"https:\/\/www.europesays.com\/ee\/wp-json\/wp\/v2\/posts"}],"about":[{"href":"https:\/\/www.europesays.com\/ee\/wp-json\/wp\/v2\/types\/post"}],"author":[{"embeddable":true,"href":"https:\/\/www.europesays.com\/ee\/wp-json\/wp\/v2\/users\/2"}],"replies":[{"embeddable":true,"href":"https:\/\/www.europesays.com\/ee\/wp-json\/wp\/v2\/comments?post=267229"}],"version-history":[{"count":0,"href":"https:\/\/www.europesays.com\/ee\/wp-json\/wp\/v2\/posts\/267229\/revisions"}],"wp:featuredmedia":[{"embeddable":true,"href":"https:\/\/www.europesays.com\/ee\/wp-json\/wp\/v2\/media\/267230"}],"wp:attachment":[{"href":"https:\/\/www.europesays.com\/ee\/wp-json\/wp\/v2\/media?parent=267229"}],"wp:term":[{"taxonomy":"category","embeddable":true,"href":"https:\/\/www.europesays.com\/ee\/wp-json\/wp\/v2\/categories?post=267229"},{"taxonomy":"post_tag","embeddable":true,"href":"https:\/\/www.europesays.com\/ee\/wp-json\/wp\/v2\/tags?post=267229"}],"curies":[{"name":"wp","href":"https:\/\/api.w.org\/{rel}","templated":true}]}}