{"id":267231,"date":"2026-09-03T06:11:10","date_gmt":"2026-09-03T06:11:10","guid":{"rendered":"https:\/\/www.europesays.com\/ee\/267231\/"},"modified":"2026-09-03T06:11:10","modified_gmt":"2026-09-03T06:11:10","slug":"video-%e2%9f%a9-mul-vedas-et-ellu-jain-kaugushuppe-valitsejanna-sattus-liiklusonnetusse","status":"publish","type":"post","link":"https:\/\/www.europesays.com\/ee\/267231\/","title":{"rendered":"VIDEO \u27e9 \u00abMul vedas, et ellu j\u00e4in.\u00bb Kaugush\u00fcppe valitsejanna sattus liiklus\u00f5nnetusse"},"content":{"rendered":"<p class=\"MsoNormal\">Kaugush\u00fcppe valitsev ol\u00fcmpiav\u00f5itja Tara Davis-Woodhall on \u00f5nnelik, et on p\u00e4rast autoavariisse sattumist elus. 27-aastase ameeriklanna osalemine j\u00e4rgmisel n\u00e4dalal Budapestis toimuval Ultimate Championshipil on k\u00fcsim\u00e4rgi all.<\/p>\n<p class=\"MsoNormal\">Davis-Woodhall oli eelmisel n\u00e4dalal teel treeningule, kui sattus v\u00e4ga hirmutavasse laupkokkup\u00f5rkesse, mille tagaj\u00e4rjel sai ta raske peap\u00f5rutuse.<\/p>\n","protected":false},"excerpt":{"rendered":"Kaugush\u00fcppe valitsev ol\u00fcmpiav\u00f5itja Tara Davis-Woodhall on \u00f5nnelik, et on p\u00e4rast autoavariisse sattumist elus. 27-aastase ameeriklanna osalemine j\u00e4rgmisel n\u00e4dalal&hellip;\n","protected":false},"author":2,"featured_media":267232,"comment_status":"","ping_status":"","sticky":false,"template":"","format":"standard","meta":{"footnotes":"","_share_on_mastodon":"0"},"categories":[18],"tags":[37,33,35,34,36,33115,983,33916,5277,103532,159,158,103531,1230,103406],"class_list":["post-267231","post","type-post","status-publish","format-standard","has-post-thumbnail","category-sport","tag-ee","tag-eesti","tag-eesti-keel","tag-estonia","tag-estonian","tag-kaugushupe","tag-kergejoustik","tag-maailmameister","tag-olumpiavoitja","tag-pariis-2024","tag-sport","tag-sports","tag-tara-davis-woodhall","tag-tokyo","tag-ultimate-championship"],"share_on_mastodon":{"url":"https:\/\/pubeurope.com\/@ee\/117205634061174963","error":""},"_links":{"self":[{"href":"https:\/\/www.europesays.com\/ee\/wp-json\/wp\/v2\/posts\/267231","targetHints":{"allow":["GET"]}}],"collection":[{"href":"https:\/\/www.europesays.com\/ee\/wp-json\/wp\/v2\/posts"}],"about":[{"href":"https:\/\/www.europesays.com\/ee\/wp-json\/wp\/v2\/types\/post"}],"author":[{"embeddable":true,"href":"https:\/\/www.europesays.com\/ee\/wp-json\/wp\/v2\/users\/2"}],"replies":[{"embeddable":true,"href":"https:\/\/www.europesays.com\/ee\/wp-json\/wp\/v2\/comments?post=267231"}],"version-history":[{"count":0,"href":"https:\/\/www.europesays.com\/ee\/wp-json\/wp\/v2\/posts\/267231\/revisions"}],"wp:featuredmedia":[{"embeddable":true,"href":"https:\/\/www.europesays.com\/ee\/wp-json\/wp\/v2\/media\/267232"}],"wp:attachment":[{"href":"https:\/\/www.europesays.com\/ee\/wp-json\/wp\/v2\/media?parent=267231"}],"wp:term":[{"taxonomy":"category","embeddable":true,"href":"https:\/\/www.europesays.com\/ee\/wp-json\/wp\/v2\/categories?post=267231"},{"taxonomy":"post_tag","embeddable":true,"href":"https:\/\/www.europesays.com\/ee\/wp-json\/wp\/v2\/tags?post=267231"}],"curies":[{"name":"wp","href":"https:\/\/api.w.org\/{rel}","templated":true}]}}