{"id":267235,"date":"2026-09-03T06:14:17","date_gmt":"2026-09-03T06:14:17","guid":{"rendered":"https:\/\/www.europesays.com\/ee\/267235\/"},"modified":"2026-09-03T06:14:17","modified_gmt":"2026-09-03T06:14:17","slug":"taani-luure-venemaa-valmistab-ette-sabotaazioperatsioone-varbab-taanlasi","status":"publish","type":"post","link":"https:\/\/www.europesays.com\/ee\/267235\/","title":{"rendered":"Taani luure: Venemaa valmistab ette sabotaa\u017eioperatsioone, v\u00e4rbab taanlasi"},"content":{"rendered":"<p>PET-i andmetel on t\u00e4heldatud Venemaa julgeolekuteenistusi Taani sihtm\u00e4rkide vastu suunatud operatsioonide ettevalmistamisel. \u201eSeega pole see lihtsalt hoiatus, et see v\u00f5ib \u00fchel p\u00e4eval Taani j\u00f5uda. Me n\u00e4eme juba planeerimist. V\u00e4ga konkreetselt,\u201c \u00fctles PET-i vastuluure\u00fclem Emil Gr\u00e6sholm <a rel=\"noopener follow nofollow\" target=\"_blank\" href=\"https:\/\/www.berlingske.dk\/indland\/russiske-sabotageplaner-i-danmark--foelg-med-her\" data-rel-date-range=\"[]\">Berlingskele<\/a>.<\/p>\n<p>V\u00e4ljaande teatel on sihtm\u00e4rkideks eelk\u00f5ige kaitset\u00f6\u00f6stuse ettev\u00f5tted, millel on seosed Ukrainale antava s\u00f5jalise abiga.<\/p>\n<p>Gr\u00e6sholmi s\u00f5nul on mitu n\u00e4idet juhtumitest, kus taanlasi on p\u00fc\u00fctud v\u00e4rvata Venemaa nimel \u00fclesannete t\u00e4itmiseks. Tihtilugu ei tea v\u00e4rvatud t\u00f6\u00f6tajad, kelle heaks nad t\u00f6\u00f6tavad.<\/p>\n<p>\u201e\u00dclesanne v\u00f5ib h\u00f5lmata n\u00e4iteks ettev\u00f5tete v\u00f5i asutuste pildistamist v\u00f5i filmimist. Meie arvates saab selliseid pilte kasutada sabotaa\u017ei planeerimisel,\u201c \u00fctleb Gr\u00e6sholm Berlingskele.<\/p>\n<p>V\u00e4rbamiskatsed toimuvad sageli veebis, n\u00e4iteks sotsiaalmeedias. Gr\u00e6sholmi s\u00f5nul v\u00f5ib k\u00f5ik alata pealtn\u00e4ha igap\u00e4evaste \u00fclesannetega, n\u00e4iteks konkreetsete ettev\u00f5tete, kaubaveo, v\u00e4ravate v\u00f5i ladude pildistamisega. Pealiskaudselt v\u00f5ivad need \u00fclesanded tunduda t\u00e4htsusetud.<\/p>\n<p>Gr\u00e6sholmi s\u00f5nul peaksid taanlased kahtlastest teadetest v\u00f5i \u00fclesannetest politseile teatama.<\/p>\n<p><a rel=\"noopener follow nofollow\" target=\"_blank\" href=\"https:\/\/www.dr.dk\/nyheder\/udland\/pet-afsloerer-konkrete-planer-russisk-sabotage-i-danmark\" data-rel-date-range=\"[]\">DR-i intervjueeritud<\/a> luureekspert Jakob Kaarsbo s\u00f5nul v\u00f5ib PET-i kolmap\u00e4eval antud intervjuud vaadelda kui s\u00f5numit Venemaale, et Taani teab, mida nad teevad.<\/p>\n<p>Taani Rahvusvaheliste Uuringute Instituudi vanemteadur Flemming Splidsboel r\u00e4\u00e4kis Berlingskele, et sabotaa\u017eir\u00fcnnakute oht on muutunud t\u00f5sisemaks.<\/p>\n<p>Splidsboeli s\u00f5nul peaks Euroopa sabotaa\u017eir\u00fcnnakute planeerimisele ja katsetele reageerima.<\/p>\n<p>Kuidas see lugu Sind end tundma pani?Saada<a href=\"https:\/\/www.delfi.ee\/artikkel\/120608002\/taani-luure-venemaa-valmistab-ette-sabotaazioperatsioone-varbab-taanlasi\/kommentaarid\" class=\"button button--primary button--size-auto article-body-bottom__comment article-body-bottom__comment--write\" style=\"\" rel=\"nofollow noopener\" target=\"_blank\">Kommenteeri<\/a><a href=\"https:\/\/www.delfi.ee\/artikkel\/120608002\/taani-luure-venemaa-valmistab-ette-sabotaazioperatsioone-varbab-taanlasi\/kommentaarid\" class=\"button button--size-auto article-body-bottom__comment article-body-bottom__comment--read\" style=\"\" rel=\"nofollow noopener\" target=\"_blank\">Loe kommentaare (35)<\/a><\/p>\n","protected":false},"excerpt":{"rendered":"PET-i andmetel on t\u00e4heldatud Venemaa julgeolekuteenistusi Taani sihtm\u00e4rkide vastu suunatud operatsioonide ettevalmistamisel. \u201eSeega pole see lihtsalt hoiatus, et&hellip;\n","protected":false},"author":2,"featured_media":267236,"comment_status":"","ping_status":"","sticky":false,"template":"","format":"standard","meta":{"footnotes":"","_share_on_mastodon":"0"},"categories":[80],"tags":[26,27,37,33,35,34,36,31,32,21,28,29,95,19,25,264,23,24,22,20,96,30,92,93,94],"class_list":["post-267235","post","type-post","status-publish","format-standard","has-post-thumbnail","category-maailm","tag-breaking-news","tag-breakingnews","tag-ee","tag-eesti","tag-eesti-keel","tag-estonia","tag-estonian","tag-featured-news","tag-featurednews","tag-headlines","tag-latest-news","tag-latestnews","tag-maailm","tag-news","tag-populaarseimad-lood","tag-taani","tag-top-stories","tag-topstories","tag-uldised-uudised","tag-uudised","tag-venemaa","tag-viimased-uudised","tag-world","tag-world-news","tag-worldnews"],"share_on_mastodon":{"url":"https:\/\/pubeurope.com\/@ee\/117205642003242266","error":""},"_links":{"self":[{"href":"https:\/\/www.europesays.com\/ee\/wp-json\/wp\/v2\/posts\/267235","targetHints":{"allow":["GET"]}}],"collection":[{"href":"https:\/\/www.europesays.com\/ee\/wp-json\/wp\/v2\/posts"}],"about":[{"href":"https:\/\/www.europesays.com\/ee\/wp-json\/wp\/v2\/types\/post"}],"author":[{"embeddable":true,"href":"https:\/\/www.europesays.com\/ee\/wp-json\/wp\/v2\/users\/2"}],"replies":[{"embeddable":true,"href":"https:\/\/www.europesays.com\/ee\/wp-json\/wp\/v2\/comments?post=267235"}],"version-history":[{"count":0,"href":"https:\/\/www.europesays.com\/ee\/wp-json\/wp\/v2\/posts\/267235\/revisions"}],"wp:featuredmedia":[{"embeddable":true,"href":"https:\/\/www.europesays.com\/ee\/wp-json\/wp\/v2\/media\/267236"}],"wp:attachment":[{"href":"https:\/\/www.europesays.com\/ee\/wp-json\/wp\/v2\/media?parent=267235"}],"wp:term":[{"taxonomy":"category","embeddable":true,"href":"https:\/\/www.europesays.com\/ee\/wp-json\/wp\/v2\/categories?post=267235"},{"taxonomy":"post_tag","embeddable":true,"href":"https:\/\/www.europesays.com\/ee\/wp-json\/wp\/v2\/tags?post=267235"}],"curies":[{"name":"wp","href":"https:\/\/api.w.org\/{rel}","templated":true}]}}