{"id":267255,"date":"2026-09-03T06:37:10","date_gmt":"2026-09-03T06:37:10","guid":{"rendered":"https:\/\/www.europesays.com\/ee\/267255\/"},"modified":"2026-09-03T06:37:10","modified_gmt":"2026-09-03T06:37:10","slug":"heiki-ahonen-%e2%9f%a9-uks-vapratest-kes-ei-kartnud-vabaduse-ja-vaarikuse-eest-seistes-noukogude-repressioone","status":"publish","type":"post","link":"https:\/\/www.europesays.com\/ee\/267255\/","title":{"rendered":"HEIKI AHONEN \u27e9 \u00dcks vapratest, kes ei kartnud vabaduse ja v\u00e4\u00e4rikuse eest seistes n\u00f5ukogude repressioone"},"content":{"rendered":"<p class=\"MsoNormal\">Eestlased kuulsid n\u00f5ukogude okupatsiooni viimastel aastatel Heiki Ahoneni h\u00e4\u00e4lt raadiojaamadest Vaba Euroopa ja Ameerika H\u00e4\u00e4l. Tema, Enn Tarto, Mart Nikluse, Lagle Pareki ja Arvo Pesti nimed olid sellel ajal meie vabadusv\u00f5itluse s\u00fcnon\u00fc\u00fcmideks, n\u00f5ukogude v\u00f5im pidas neid aga vaenlasteks.<\/p>\n<p class=\"MsoNormal\">Nad p\u00fc\u00fcdsid 1970\u20131980ndatel anda maailmale teada, mis toimus okupeeritud Eestis ning kodumaal levitasid nad v\u00f5imude silmis keelatud k\u00e4sikirju ja raamatuid. L\u00e4\u00e4ne infoagentuurid hoidsid avalikkust kursis, kui nad arreteeriti ja anti kohtu alla. Koos tuhandete teiste n\u00f5ukogude poliitilistel p\u00f5hjustel karistatutega nimetati neid ka s\u00fc\u00fcmevangideks. KGB initsieeris ajakirjanduses nende kohta paskvillide avaldamist.<\/p>\n","protected":false},"excerpt":{"rendered":"Eestlased kuulsid n\u00f5ukogude okupatsiooni viimastel aastatel Heiki Ahoneni h\u00e4\u00e4lt raadiojaamadest Vaba Euroopa ja Ameerika H\u00e4\u00e4l. Tema, Enn Tarto,&hellip;\n","protected":false},"author":2,"featured_media":267256,"comment_status":"","ping_status":"","sticky":false,"template":"","format":"standard","meta":{"footnotes":"","_share_on_mastodon":"0"},"categories":[12],"tags":[23242,103537,26,27,37,33,35,10460,34,36,31,32,21,103536,103538,103540,10459,28,29,10463,19,105,103539,25,103541,23,24,22,20,24208,31640,30],"class_list":["post-267255","post","type-post","status-publish","format-standard","has-post-thumbnail","category-eesti","tag-ameerika-haal","tag-arvo-pesti","tag-breaking-news","tag-breakingnews","tag-ee","tag-eesti","tag-eesti-keel","tag-enn-tarto","tag-estonia","tag-estonian","tag-featured-news","tag-featurednews","tag-headlines","tag-heiki-ahonen","tag-hirvepargi-miiting","tag-kistler-ritso-sihtasutus","tag-lagle-parek","tag-latest-news","tag-latestnews","tag-mart-niklus","tag-news","tag-noukogude-okupatsioon","tag-okupatsioonide-muuseum","tag-populaarseimad-lood","tag-suumevangid","tag-top-stories","tag-topstories","tag-uldised-uudised","tag-uudised","tag-vaba-euroopa","tag-vabamu","tag-viimased-uudised"],"share_on_mastodon":{"url":"","error":"Validation failed: Text character limit of 500 exceeded"},"_links":{"self":[{"href":"https:\/\/www.europesays.com\/ee\/wp-json\/wp\/v2\/posts\/267255","targetHints":{"allow":["GET"]}}],"collection":[{"href":"https:\/\/www.europesays.com\/ee\/wp-json\/wp\/v2\/posts"}],"about":[{"href":"https:\/\/www.europesays.com\/ee\/wp-json\/wp\/v2\/types\/post"}],"author":[{"embeddable":true,"href":"https:\/\/www.europesays.com\/ee\/wp-json\/wp\/v2\/users\/2"}],"replies":[{"embeddable":true,"href":"https:\/\/www.europesays.com\/ee\/wp-json\/wp\/v2\/comments?post=267255"}],"version-history":[{"count":0,"href":"https:\/\/www.europesays.com\/ee\/wp-json\/wp\/v2\/posts\/267255\/revisions"}],"wp:featuredmedia":[{"embeddable":true,"href":"https:\/\/www.europesays.com\/ee\/wp-json\/wp\/v2\/media\/267256"}],"wp:attachment":[{"href":"https:\/\/www.europesays.com\/ee\/wp-json\/wp\/v2\/media?parent=267255"}],"wp:term":[{"taxonomy":"category","embeddable":true,"href":"https:\/\/www.europesays.com\/ee\/wp-json\/wp\/v2\/categories?post=267255"},{"taxonomy":"post_tag","embeddable":true,"href":"https:\/\/www.europesays.com\/ee\/wp-json\/wp\/v2\/tags?post=267255"}],"curies":[{"name":"wp","href":"https:\/\/api.w.org\/{rel}","templated":true}]}}