{"id":267259,"date":"2026-09-03T06:48:14","date_gmt":"2026-09-03T06:48:14","guid":{"rendered":"https:\/\/www.europesays.com\/ee\/267259\/"},"modified":"2026-09-03T06:48:14","modified_gmt":"2026-09-03T06:48:14","slug":"video-ukraina-luureteenistused-pidasid-kiievis-lahingut-omavahel","status":"publish","type":"post","link":"https:\/\/www.europesays.com\/ee\/267259\/","title":{"rendered":"VIDEO | Ukraina luureteenistused pidasid Kiievis lahingut omavahel"},"content":{"rendered":"<p>Ukraina poolel s\u00f5div Vene Vabatahtlik Korpus (RDK) teatas 1. septembril, et tundmatud isikud r\u00f6\u00f6visid selle komand\u00f6ri aset\u00e4itja lahingutegevuse alal Stepan Kaplunovi.<\/p>\n<p>Eile hommikul levis sotsiaalmeedias informatsioon tulevahetusest HUR-i ja SBU vahel <a rel=\"noopener nofollow\" target=\"_blank\" href=\"https:\/\/www.delfi.ee\/teema\/29718775\/kiiev\" tag-id=\"29718775\">Kiievi<\/a> Dnipro rajoonis ning teatati, et see on kuidagi seotud Kaplunovi kadumisega.<\/p>\n<p>S\u00fcndmuskohale saabusid Ukraina riikliku juurdlusb\u00fcroo (DBR) t\u00f6\u00f6tajad ja SBU eri\u00fcksuse Alfa liikmed. Ukrajinska Pravda andmetel sai kolm HUR-i meest haavata.<\/p>\n<p>SBU teatas eile hommikul, et hoidis koos HUR-iga \u00e4ra terroriakti \u00fche Ukrainasse saabunud Vene opositsiooniliidri vastu, mille kavandamises s\u00fc\u00fcdistati <a rel=\"noopener nofollow\" target=\"_blank\" href=\"https:\/\/www.delfi.ee\/teema\/3\/venemaa\" tag-id=\"3\">Venemaa<\/a> f\u00f6deraalset julgeolekuteenistust (<a rel=\"noopener nofollow\" target=\"_blank\" href=\"https:\/\/www.delfi.ee\/teema\/56450460\/fsb\" tag-id=\"56450460\">FSB<\/a>).<\/p>\n<p>Ukraina president <a rel=\"noopener nofollow\" target=\"_blank\" href=\"https:\/\/www.delfi.ee\/teema\/85745477\/volodomor-zelenskoi\" tag-id=\"85745477\">Volod\u00f5m\u00f5r Zelensk\u00f5i<\/a> allkirjastas eile ukaasi SBU riigisaladuse kaitse ja litsentseerimisosakonna juhataja Oleh Hramovi ametist vabastamise kohta. Zelensk\u00f5i nimetas tulevahetust h\u00e4biv\u00e4\u00e4rseks ja teatas, et tuleb personalialaseid otsuseid.<\/p>\n<p>Kuidas see lugu Sind end tundma pani?Saada<a href=\"https:\/\/www.delfi.ee\/artikkel\/120608021\/video-ukraina-luureteenistused-pidasid-kiievis-lahingut-omavahel\/kommentaarid\" class=\"button button--primary button--size-auto article-body-bottom__comment article-body-bottom__comment--write\" style=\"\" rel=\"nofollow noopener\" target=\"_blank\">Kommenteeri<\/a><a href=\"https:\/\/www.delfi.ee\/artikkel\/120608021\/video-ukraina-luureteenistused-pidasid-kiievis-lahingut-omavahel\/kommentaarid\" class=\"button button--size-auto article-body-bottom__comment article-body-bottom__comment--read\" style=\"\" rel=\"nofollow noopener\" target=\"_blank\">Loe kommentaare (3)<\/a><\/p>\n","protected":false},"excerpt":{"rendered":"Ukraina poolel s\u00f5div Vene Vabatahtlik Korpus (RDK) teatas 1. septembril, et tundmatud isikud r\u00f6\u00f6visid selle komand\u00f6ri aset\u00e4itja lahingutegevuse&hellip;\n","protected":false},"author":2,"featured_media":267260,"comment_status":"","ping_status":"","sticky":false,"template":"","format":"standard","meta":{"footnotes":"","_share_on_mastodon":"0"},"categories":[80],"tags":[26,27,37,33,35,34,36,31,32,9251,21,1908,1208,28,29,95,19,25,7551,107,23,24,262,22,20,96,30,263,92,93,94],"class_list":["post-267259","post","type-post","status-publish","format-standard","has-post-thumbnail","category-maailm","tag-breaking-news","tag-breakingnews","tag-ee","tag-eesti","tag-eesti-keel","tag-estonia","tag-estonian","tag-featured-news","tag-featurednews","tag-fsb","tag-headlines","tag-hur","tag-kiiev","tag-latest-news","tag-latestnews","tag-maailm","tag-news","tag-populaarseimad-lood","tag-sbu","tag-soda-ukrainas","tag-top-stories","tag-topstories","tag-ukraina","tag-uldised-uudised","tag-uudised","tag-venemaa","tag-viimased-uudised","tag-volodomor-zelenskoi","tag-world","tag-world-news","tag-worldnews"],"share_on_mastodon":{"url":"https:\/\/pubeurope.com\/@ee\/117205775725939942","error":""},"_links":{"self":[{"href":"https:\/\/www.europesays.com\/ee\/wp-json\/wp\/v2\/posts\/267259","targetHints":{"allow":["GET"]}}],"collection":[{"href":"https:\/\/www.europesays.com\/ee\/wp-json\/wp\/v2\/posts"}],"about":[{"href":"https:\/\/www.europesays.com\/ee\/wp-json\/wp\/v2\/types\/post"}],"author":[{"embeddable":true,"href":"https:\/\/www.europesays.com\/ee\/wp-json\/wp\/v2\/users\/2"}],"replies":[{"embeddable":true,"href":"https:\/\/www.europesays.com\/ee\/wp-json\/wp\/v2\/comments?post=267259"}],"version-history":[{"count":0,"href":"https:\/\/www.europesays.com\/ee\/wp-json\/wp\/v2\/posts\/267259\/revisions"}],"wp:featuredmedia":[{"embeddable":true,"href":"https:\/\/www.europesays.com\/ee\/wp-json\/wp\/v2\/media\/267260"}],"wp:attachment":[{"href":"https:\/\/www.europesays.com\/ee\/wp-json\/wp\/v2\/media?parent=267259"}],"wp:term":[{"taxonomy":"category","embeddable":true,"href":"https:\/\/www.europesays.com\/ee\/wp-json\/wp\/v2\/categories?post=267259"},{"taxonomy":"post_tag","embeddable":true,"href":"https:\/\/www.europesays.com\/ee\/wp-json\/wp\/v2\/tags?post=267259"}],"curies":[{"name":"wp","href":"https:\/\/api.w.org\/{rel}","templated":true}]}}