{"id":267263,"date":"2026-09-03T06:50:18","date_gmt":"2026-09-03T06:50:18","guid":{"rendered":"https:\/\/www.europesays.com\/ee\/267263\/"},"modified":"2026-09-03T06:50:18","modified_gmt":"2026-09-03T06:50:18","slug":"fc-elval-tuleb-kaheksa-minuti-mangimise-parast-tagasi-tallinnasse-soita-tartu-postimees","status":"publish","type":"post","link":"https:\/\/www.europesays.com\/ee\/267263\/","title":{"rendered":"FC Elval tuleb kaheksa minuti m\u00e4ngimise p\u00e4rast tagasi Tallinnasse s\u00f5ita &#8211; Tartu Postimees"},"content":{"rendered":"<ol>\n<li><a href=\"https:\/\/news.google.com\/rss\/articles\/CBMiqgFBVV95cUxQcUF0WnZyOG1DRnVEUURvQ291UzBKZGY3S29TU3l1aWN4aE5ONVJvZUFqS2JpcFdNYWZ6djFONFVfN0tWMWNXeWtyVVZoekxiZFJIakNzN3pqWk5UNHZNSnRyVDVhU0FXS1Bzb2EwYlNyUDdjRW1LRG5ydkRFZHpzU081YmF0QTV4THF1QmFmVVdVdkxVT0hGelVINk94SDB4N1ZLakVlTHo1QQ?oc=5\" target=\"_blank\" rel=\"nofollow noopener\">FC Elval tuleb kaheksa minuti m\u00e4ngimise p\u00e4rast tagasi Tallinnasse s\u00f5ita<\/a>&nbsp;&nbsp;Tartu Postimees<\/li>\n<li><a href=\"https:\/\/news.google.com\/rss\/articles\/CBMiowFBVV95cUxORmxiNmpaRUhNdWVZNXZqM3BKeEEtVnJzNjFVbmtrRHViTEgzbjhqaHFiRVM4YXRrQTJIajUzRE5aY3o1NXZvRlBLUHRVUTd4Zkl4N0dZakgxUThKc0MzcVlTVThXMzgzS202cFFyTkJWVWc1b3RTWEZJNkJ3S1JGN29BdXRhRzBEWmxNc2c1ek11WHpwUzhuYTBRdThEc2dGZGhz?oc=5\" target=\"_blank\" rel=\"nofollow noopener\">Harvaesinev juhtum: Eesti jalgpalliliiga m\u00e4ng algab 88. minutist uuesti<\/a>&nbsp;&nbsp;sport.err.ee<\/li>\n<li><a href=\"https:\/\/news.google.com\/rss\/articles\/CBMi6wFBVV95cUxQZERQY2lYZ2YxcEJaUUFnRG5hcDlHM09qaHhZUWs3OHZ2cnJLOHIwWHZEWUFVVVNleW9jOUZqN0gxTFFaODFqMEtwRGNBaWd0T20yRGxlanM2b3FoVWVzUVB0aTZXd0U5a1FJVjJpdmM3eUp2aU9xRmFua3ZvSUpHd2QxUVhZQWx2MTRIdDgtU00tc1NYYWVmdDlwWC1QZVdidllON2otS190b09ENHZkaUloSmZMZUVNRUVlUVhFaEVMOGxSVG1hTUh2Y2c2QzZUSGlWbFhNNWU4V2F0X1Z0MUQtdF9HamJkQUhJ?oc=5\" target=\"_blank\" rel=\"nofollow noopener\">HARUKORDNE JUHTUM EESTI JALGPALLIS \u27e9 Kohtuniku r\u00e4nga eksimuse t\u00f5ttu peetakse m\u00e4ngu l\u00f5puminutid uuesti<\/a>&nbsp;&nbsp;Inbox.eu<\/li>\n<li><a href=\"https:\/\/news.google.com\/rss\/articles\/CBMimgFBVV95cUxOTEVKcEVObUd5V01LQkhMOEdpZmc1U3lEUENkRnhHdkxyNWREcFBrV1RtTE13RXlTZ0ZrbndjUHU2R1VsZ0VEbVktNFVFLTI1QzBjbjQ4WXRwOVBnaUVYcTlMR2dhV21Kc2ZYQ2tQUVFKQlpuR05nXzdlZGM5LWFwZURqalFHaWlIenc5Y2E0bVg1djVsU3FleV9B?oc=5\" target=\"_blank\" rel=\"nofollow noopener\">Elva sai kaks punast kaarti, aga tegi kolmanda nullim\u00e4ngu j\u00e4rjest<\/a>&nbsp;&nbsp;Soccernet.ee<\/li>\n<\/ol>\n","protected":false},"excerpt":{"rendered":"FC Elval tuleb kaheksa minuti m\u00e4ngimise p\u00e4rast tagasi Tallinnasse s\u00f5ita&nbsp;&nbsp;Tartu Postimees Harvaesinev juhtum: Eesti jalgpalliliiga m\u00e4ng algab 88.&hellip;\n","protected":false},"author":2,"featured_media":267264,"comment_status":"","ping_status":"","sticky":false,"template":"","format":"standard","meta":{"footnotes":"","_share_on_mastodon":"0"},"categories":[5],"tags":[26,27,37,33,2246,35,34,36,3970,12955,31,32,21,15508,76960,28,29,15573,19,25,3889,23,24,22,20,30],"class_list":["post-267263","post","type-post","status-publish","format-standard","has-post-thumbnail","category-uldised-uudised","tag-breaking-news","tag-breakingnews","tag-ee","tag-eesti","tag-eesti-jalgpalli-liit","tag-eesti-keel","tag-estonia","tag-estonian","tag-fc-elva","tag-fc-nomme-united-u21","tag-featured-news","tag-featurednews","tag-headlines","tag-jalgpalli-esiliiga","tag-kollane-kaart","tag-latest-news","tag-latestnews","tag-manniku-staadion","tag-news","tag-populaarseimad-lood","tag-punane-kaart","tag-top-stories","tag-topstories","tag-uldised-uudised","tag-uudised","tag-viimased-uudised"],"share_on_mastodon":{"url":"https:\/\/pubeurope.com\/@ee\/117205783183749686","error":""},"_links":{"self":[{"href":"https:\/\/www.europesays.com\/ee\/wp-json\/wp\/v2\/posts\/267263","targetHints":{"allow":["GET"]}}],"collection":[{"href":"https:\/\/www.europesays.com\/ee\/wp-json\/wp\/v2\/posts"}],"about":[{"href":"https:\/\/www.europesays.com\/ee\/wp-json\/wp\/v2\/types\/post"}],"author":[{"embeddable":true,"href":"https:\/\/www.europesays.com\/ee\/wp-json\/wp\/v2\/users\/2"}],"replies":[{"embeddable":true,"href":"https:\/\/www.europesays.com\/ee\/wp-json\/wp\/v2\/comments?post=267263"}],"version-history":[{"count":0,"href":"https:\/\/www.europesays.com\/ee\/wp-json\/wp\/v2\/posts\/267263\/revisions"}],"wp:featuredmedia":[{"embeddable":true,"href":"https:\/\/www.europesays.com\/ee\/wp-json\/wp\/v2\/media\/267264"}],"wp:attachment":[{"href":"https:\/\/www.europesays.com\/ee\/wp-json\/wp\/v2\/media?parent=267263"}],"wp:term":[{"taxonomy":"category","embeddable":true,"href":"https:\/\/www.europesays.com\/ee\/wp-json\/wp\/v2\/categories?post=267263"},{"taxonomy":"post_tag","embeddable":true,"href":"https:\/\/www.europesays.com\/ee\/wp-json\/wp\/v2\/tags?post=267263"}],"curies":[{"name":"wp","href":"https:\/\/api.w.org\/{rel}","templated":true}]}}