{"id":267275,"date":"2026-09-03T07:03:07","date_gmt":"2026-09-03T07:03:07","guid":{"rendered":"https:\/\/www.europesays.com\/ee\/267275\/"},"modified":"2026-09-03T07:03:07","modified_gmt":"2026-09-03T07:03:07","slug":"dmitri-kotjuhi-uus-fotonaitus-avab-ukse-poorasesse-fannimaailma","status":"publish","type":"post","link":"https:\/\/www.europesays.com\/ee\/267275\/","title":{"rendered":"Dmitri Kotjuhi uus foton\u00e4itus avab ukse p\u00f6\u00f6rasesse f\u00e4nnimaailma"},"content":{"rendered":"<p>J\u00e4rva Teataja fotograaf Dmitri Kotjuh avab homme kell 17 T\u00fcri kultuurikeskuses oma uue n\u00e4ituse. Seekord on v\u00e4ljas kontsertide fotod, ent neil pole kujutatud kuulsaid artiste, vaid neid vaatama ja kuulama tulnud kirevat publikut.<\/p>\n<p>N\u00e4itus kannab pealkirja \u00abSeljaga lava poole\u00bb ning koosneb pari\u00admatest kaadritest, mida Kotjuhil on \u00f5nnestunud p\u00fc\u00fcda paarik\u00fcmne aasta jooksul nii Eestis kui ka v\u00e4lismaal.<\/p>\n","protected":false},"excerpt":{"rendered":"J\u00e4rva Teataja fotograaf Dmitri Kotjuh avab homme kell 17 T\u00fcri kultuurikeskuses oma uue n\u00e4ituse. Seekord on v\u00e4ljas kontsertide&hellip;\n","protected":false},"author":2,"featured_media":267276,"comment_status":"","ping_status":"","sticky":false,"template":"","format":"standard","meta":{"footnotes":"","_share_on_mastodon":"0"},"categories":[89],"tags":[227,225,226,228,101731,37,33,35,173,34,36,13033,6827,229,230,140,195,53318],"class_list":["post-267275","post","type-post","status-publish","format-standard","has-post-thumbnail","category-kunst-ja-kujundus","tag-arts","tag-arts-and-design","tag-artsdesign","tag-design","tag-dmitri-kotjuh","tag-ee","tag-eesti","tag-eesti-keel","tag-entertainment","tag-estonia","tag-estonian","tag-fannid","tag-fotograafia","tag-kunst-ja-kujundus","tag-kunstkujundus","tag-meelelahutus","tag-naitus","tag-turi-kultuurikeskus"],"share_on_mastodon":{"url":"https:\/\/pubeurope.com\/@ee\/117205834335184528","error":""},"_links":{"self":[{"href":"https:\/\/www.europesays.com\/ee\/wp-json\/wp\/v2\/posts\/267275","targetHints":{"allow":["GET"]}}],"collection":[{"href":"https:\/\/www.europesays.com\/ee\/wp-json\/wp\/v2\/posts"}],"about":[{"href":"https:\/\/www.europesays.com\/ee\/wp-json\/wp\/v2\/types\/post"}],"author":[{"embeddable":true,"href":"https:\/\/www.europesays.com\/ee\/wp-json\/wp\/v2\/users\/2"}],"replies":[{"embeddable":true,"href":"https:\/\/www.europesays.com\/ee\/wp-json\/wp\/v2\/comments?post=267275"}],"version-history":[{"count":0,"href":"https:\/\/www.europesays.com\/ee\/wp-json\/wp\/v2\/posts\/267275\/revisions"}],"wp:featuredmedia":[{"embeddable":true,"href":"https:\/\/www.europesays.com\/ee\/wp-json\/wp\/v2\/media\/267276"}],"wp:attachment":[{"href":"https:\/\/www.europesays.com\/ee\/wp-json\/wp\/v2\/media?parent=267275"}],"wp:term":[{"taxonomy":"category","embeddable":true,"href":"https:\/\/www.europesays.com\/ee\/wp-json\/wp\/v2\/categories?post=267275"},{"taxonomy":"post_tag","embeddable":true,"href":"https:\/\/www.europesays.com\/ee\/wp-json\/wp\/v2\/tags?post=267275"}],"curies":[{"name":"wp","href":"https:\/\/api.w.org\/{rel}","templated":true}]}}