{"id":267291,"date":"2026-09-03T07:23:10","date_gmt":"2026-09-03T07:23:10","guid":{"rendered":"https:\/\/www.europesays.com\/ee\/267291\/"},"modified":"2026-09-03T07:23:10","modified_gmt":"2026-09-03T07:23:10","slug":"enamikul-pohikooli-lopetanuil-on-edasioppimise-koht-olemas","status":"publish","type":"post","link":"https:\/\/www.europesays.com\/ee\/267291\/","title":{"rendered":"Enamikul p\u00f5hikooli l\u00f5petanuil on edasi\u00f5ppimise koht olemas"},"content":{"rendered":"<p class=\"MsoNormal\">T\u00e4navu s\u00fcgisest kehtiv \u00f5ppimiskohustus t\u00e4hendab, et p\u00f5hikooli l\u00f5petanud alaealine peab j\u00e4tkama \u00f5pinguid kuni 18-aastaseks saamiseni v\u00f5i kesk- v\u00f5i kutsehariduse omandamiseni. Saaremaa valla koolide 338 \u00fcheksanda klassi \u00f5pilasest j\u00f5udis t\u00e4navu p\u00f5hikooli l\u00f5petamiseni 336 noort. Neist 333 l\u00f5petas kevadel ja kolm augustis. Kaks \u00f5pilast j\u00e4id klassikursust kordama.<\/p>\n","protected":false},"excerpt":{"rendered":"T\u00e4navu s\u00fcgisest kehtiv \u00f5ppimiskohustus t\u00e4hendab, et p\u00f5hikooli l\u00f5petanud alaealine peab j\u00e4tkama \u00f5pinguid kuni 18-aastaseks saamiseni v\u00f5i kesk- v\u00f5i&hellip;\n","protected":false},"author":2,"featured_media":267292,"comment_status":"","ping_status":"","sticky":false,"template":"","format":"standard","meta":{"footnotes":"","_share_on_mastodon":"0"},"categories":[5],"tags":[26,27,37,33,35,34,36,31,32,2819,103549,21,10793,99979,1312,28,29,19,7660,103548,4653,49862,4435,25,103547,42881,2123,23,24,22,20,30],"class_list":["post-267291","post","type-post","status-publish","format-standard","has-post-thumbnail","category-uldised-uudised","tag-breaking-news","tag-breakingnews","tag-ee","tag-eesti","tag-eesti-keel","tag-estonia","tag-estonian","tag-featured-news","tag-featurednews","tag-gumnaasium","tag-haridustee","tag-headlines","tag-kuressaare-ametikool","tag-kuressaare-taiskasvanute-gumnaasium","tag-kutseharidus","tag-latest-news","tag-latestnews","tag-news","tag-opilased","tag-oppeaasta-algus","tag-oppimiskohustus","tag-orissaare-gumnaasium","tag-pohikool","tag-populaarseimad-lood","tag-rakenduslik-keskharidus","tag-saaremaa-gumnaasium","tag-saaremaa-vald","tag-top-stories","tag-topstories","tag-uldised-uudised","tag-uudised","tag-viimased-uudised"],"share_on_mastodon":{"url":"","error":"Validation failed: Text character limit of 500 exceeded"},"_links":{"self":[{"href":"https:\/\/www.europesays.com\/ee\/wp-json\/wp\/v2\/posts\/267291","targetHints":{"allow":["GET"]}}],"collection":[{"href":"https:\/\/www.europesays.com\/ee\/wp-json\/wp\/v2\/posts"}],"about":[{"href":"https:\/\/www.europesays.com\/ee\/wp-json\/wp\/v2\/types\/post"}],"author":[{"embeddable":true,"href":"https:\/\/www.europesays.com\/ee\/wp-json\/wp\/v2\/users\/2"}],"replies":[{"embeddable":true,"href":"https:\/\/www.europesays.com\/ee\/wp-json\/wp\/v2\/comments?post=267291"}],"version-history":[{"count":0,"href":"https:\/\/www.europesays.com\/ee\/wp-json\/wp\/v2\/posts\/267291\/revisions"}],"wp:featuredmedia":[{"embeddable":true,"href":"https:\/\/www.europesays.com\/ee\/wp-json\/wp\/v2\/media\/267292"}],"wp:attachment":[{"href":"https:\/\/www.europesays.com\/ee\/wp-json\/wp\/v2\/media?parent=267291"}],"wp:term":[{"taxonomy":"category","embeddable":true,"href":"https:\/\/www.europesays.com\/ee\/wp-json\/wp\/v2\/categories?post=267291"},{"taxonomy":"post_tag","embeddable":true,"href":"https:\/\/www.europesays.com\/ee\/wp-json\/wp\/v2\/tags?post=267291"}],"curies":[{"name":"wp","href":"https:\/\/api.w.org\/{rel}","templated":true}]}}