{"id":267297,"date":"2026-09-03T07:32:15","date_gmt":"2026-09-03T07:32:15","guid":{"rendered":"https:\/\/www.europesays.com\/ee\/267297\/"},"modified":"2026-09-03T07:32:15","modified_gmt":"2026-09-03T07:32:15","slug":"lavrov-teatas-et-venemaal-suletakse-saksa-goethe-instituut","status":"publish","type":"post","link":"https:\/\/www.europesays.com\/ee\/267297\/","title":{"rendered":"Lavrov teatas, et Venemaal suletakse Saksa Goethe Instituut"},"content":{"rendered":"<p>\u201eLoomulikult suletakse need p\u00e4rast seda, kui meie kultuurikeskus sealt v\u00e4lja aeti,\u201c \u00fctles Lavrov <a rel=\"noopener nofollow\" target=\"_blank\" href=\"https:\/\/www.delfi.ee\/teema\/64445240\/vladivostok\" tag-id=\"64445240\">Vladivostokis<\/a> ida majandusfoorumil esinedes, vahendab Interfax.<\/p>\n<p>\u201eT\u00e4hendab, nad l\u00e4hevad teadlikult v\u00e4lja sammule, mis, nad ei saa seda mitte m\u00f5ista, t\u00e4hendab \u00fchem\u00f5tteliselt nende kultuurilise kohalviibimise l\u00f5petamist Vene F\u00f6deratsioonis, mis j\u00e4i alles vaatamata k\u00f5igile neile <a rel=\"noopener nofollow\" target=\"_blank\" href=\"https:\/\/www.delfi.ee\/teema\/25048531\/ukraina\" tag-id=\"25048531\">Ukraina<\/a> peripeetiatele meie suhetes l\u00e4\u00e4nega,\u201c lausus Lavrov.<\/p>\n<p>Saksamaa liiduvalitsus oli enne seda teatanud, et sulgeb Vene Maja Berliinis reaktsioonina r\u00fcnnakule <a rel=\"noopener nofollow\" target=\"_blank\" href=\"https:\/\/www.delfi.ee\/teema\/57253370\/leipzig\" tag-id=\"57253370\">Leipzig<\/a>\/Halle lennuv\u00e4ljal, milles Saksamaa s\u00fc\u00fcdistab Venemaad.<\/p>\n<p><a rel=\"noopener nofollow\" target=\"_blank\" href=\"https:\/\/www.delfi.ee\/teema\/56939428\/goethe-instituut\" tag-id=\"56939428\">Goethe Instituut<\/a> oli \u00fcks viimastest Saksa institutsioonidest, mis Venemaa agressioonis\u00f5jale Ukrainas vaatamata endiselt Venemaal tegutses.<\/p>\n<p>Eile kutsus Venemaa v\u00e4lja ka Saksamaa asjuri Moskvas, et protestida Saksamaa juhtikonna \u201eVenemaa-vastaste tegude ja avalduste\u201c vastu, teatas Venemaa v\u00e4lisministeerium.<\/p>\n<p>Venemaa l\u00fckkas tagasi \u201et\u00e4ielikult \u00f5hust v\u00f5etud s\u00fc\u00fcdistused Venemaa osaluses v\u00e4idetavas intsidendis Leipzigi lennuv\u00e4ljal\u201c ning v\u00e4itis, et Berliin kasutab \u201eavalikku provokatsiooni\u201c Vene-Saksa suhete \u00f5\u00f5nestamiseks. Lubati karmi vastust.<\/p>\n<p>V\u00f5imalik on ka Saksamaa Peterburi peakonsulaadi sulgemine.<\/p>\n<p>Saksamaa siseminister Alexander Dobrindt ja v\u00e4lisminister <a rel=\"noopener nofollow\" target=\"_blank\" href=\"https:\/\/www.delfi.ee\/teema\/96869039\/johann-wadephul\" tag-id=\"96869039\">Johann Wadephul<\/a> kuulutasid sel n\u00e4dalal Venemaa Leipzigi lennuv\u00e4ljal augusti alguses aset leidnud pommidrooni r\u00fcnnakukatse eest vastutavaks ning Wadephul teatas, karistusmeetmetest, mille hulgas on Venemaa <a rel=\"noopener nofollow\" target=\"_blank\" href=\"https:\/\/www.delfi.ee\/teema\/96945047\/bonn\" tag-id=\"96945047\">Bonni<\/a> konsulaadi sulgemine.<\/p>\n<p>Lavrov \u00fctles, et Saksamaa ei ole suutnud \u00fcheselt kinnitada Leipzigi lennuv\u00e4ljalt leitud drooni Vene p\u00e4ritolu.<\/p>\n<p>\u201eLeiti Saksamaal Leipzigis lennuv\u00e4ljalt mingi allakukkunud droon, otsustati, et see droon on sarnane \u2013 nad ei suuda kinnitada, et see on \u00fchem\u00f5tteline j\u00e4reldus \u2013 nendega, mida kasutab Vene F\u00f6deratsioon, ja selle oletuse alusel otsustasid nad sulgeda viimase alles j\u00e4\u00e4nud peakonsulaadi Bonnis ja meie Vene Maja Berliinis,\u201c lausus Lavrov.<\/p>\n","protected":false},"excerpt":{"rendered":"\u201eLoomulikult suletakse need p\u00e4rast seda, kui meie kultuurikeskus sealt v\u00e4lja aeti,\u201c \u00fctles Lavrov Vladivostokis ida majandusfoorumil esinedes, vahendab&hellip;\n","protected":false},"author":2,"featured_media":267298,"comment_status":"","ping_status":"","sticky":false,"template":"","format":"standard","meta":{"footnotes":"","_share_on_mastodon":"0"},"categories":[80],"tags":[613,97849,26,27,37,33,35,34,36,2337,31,32,52776,21,8813,36389,28,29,1160,95,108,19,939,25,51,3795,23,24,262,22,3943,20,96,30,50202,92,93,94],"class_list":["post-267297","post","type-post","status-publish","format-standard","has-post-thumbnail","category-maailm","tag-berliin","tag-bonn","tag-breaking-news","tag-breakingnews","tag-ee","tag-eesti","tag-eesti-keel","tag-estonia","tag-estonian","tag-euroopa-komisjon","tag-featured-news","tag-featurednews","tag-goethe-instituut","tag-headlines","tag-jekaterinburg","tag-johann-wadephul","tag-latest-news","tag-latestnews","tag-leipzig","tag-maailm","tag-moskva","tag-news","tag-peterburi","tag-populaarseimad-lood","tag-saksamaa","tag-sergei-lavrov","tag-top-stories","tag-topstories","tag-ukraina","tag-uldised-uudised","tag-ursula-von-der-leyen","tag-uudised","tag-venemaa","tag-viimased-uudised","tag-vladivostok","tag-world","tag-world-news","tag-worldnews"],"share_on_mastodon":{"url":"","error":"Validation failed: Text character limit of 500 exceeded"},"_links":{"self":[{"href":"https:\/\/www.europesays.com\/ee\/wp-json\/wp\/v2\/posts\/267297","targetHints":{"allow":["GET"]}}],"collection":[{"href":"https:\/\/www.europesays.com\/ee\/wp-json\/wp\/v2\/posts"}],"about":[{"href":"https:\/\/www.europesays.com\/ee\/wp-json\/wp\/v2\/types\/post"}],"author":[{"embeddable":true,"href":"https:\/\/www.europesays.com\/ee\/wp-json\/wp\/v2\/users\/2"}],"replies":[{"embeddable":true,"href":"https:\/\/www.europesays.com\/ee\/wp-json\/wp\/v2\/comments?post=267297"}],"version-history":[{"count":0,"href":"https:\/\/www.europesays.com\/ee\/wp-json\/wp\/v2\/posts\/267297\/revisions"}],"wp:featuredmedia":[{"embeddable":true,"href":"https:\/\/www.europesays.com\/ee\/wp-json\/wp\/v2\/media\/267298"}],"wp:attachment":[{"href":"https:\/\/www.europesays.com\/ee\/wp-json\/wp\/v2\/media?parent=267297"}],"wp:term":[{"taxonomy":"category","embeddable":true,"href":"https:\/\/www.europesays.com\/ee\/wp-json\/wp\/v2\/categories?post=267297"},{"taxonomy":"post_tag","embeddable":true,"href":"https:\/\/www.europesays.com\/ee\/wp-json\/wp\/v2\/tags?post=267297"}],"curies":[{"name":"wp","href":"https:\/\/api.w.org\/{rel}","templated":true}]}}