{"id":267301,"date":"2026-09-03T07:34:46","date_gmt":"2026-09-03T07:34:46","guid":{"rendered":"https:\/\/www.europesays.com\/ee\/267301\/"},"modified":"2026-09-03T07:34:46","modified_gmt":"2026-09-03T07:34:46","slug":"omavalitsused-muretsevad-kes-hakkab-kodus-kukkunud-eakaid-aitama-kellelgi-pole-selleks-veel-valmidust-2","status":"publish","type":"post","link":"https:\/\/www.europesays.com\/ee\/267301\/","title":{"rendered":"Omavalitsused muretsevad, kes hakkab kodus kukkunud eakaid aitama: kellelgi pole selleks veel valmidust"},"content":{"rendered":"<p><a rel=\"noopener nofollow\" target=\"_blank\" href=\"https:\/\/www.delfi.ee\/teema\/64544392\/hairekeskus\" tag-id=\"64544392\">H\u00e4irekeskuse<\/a> peadirektor K\u00e4tlin Alvela saatis eelmise n\u00e4dala l\u00f5pus kohalikele omavalitsustele kirja. Siseminister edastas nimelt suunise, et h\u00e4irekeskus tagaks alates septembrist iga kodus kukkunud isiku teate edastamise \u2013 kus puudub tervisealane kaebus ning alus kiirabile teate edastamiseks \u2013 kohalikule omavalitsusele, kus s\u00fcndmus aset leidis.<\/p>\n<p>Sellest tulenevalt soovis h\u00e4irekeskus hiljemalt 31. augustiks saada kohalikelt omavalitsustelt vastavate inimeste kontakte. Samas kirjas on veel m\u00e4rgitud, et h\u00e4irekeskusel ei ole alati v\u00f5imalik inimesele operatiivselt abi saata, kui tegemist ei ole kiirabi, p\u00e4\u00e4ste v\u00f5i politsei abivajadusega.<\/p>\n","protected":false},"excerpt":{"rendered":"H\u00e4irekeskuse peadirektor K\u00e4tlin Alvela saatis eelmise n\u00e4dala l\u00f5pus kohalikele omavalitsustele kirja. Siseminister edastas nimelt suunise, et h\u00e4irekeskus tagaks&hellip;\n","protected":false},"author":2,"featured_media":267302,"comment_status":"","ping_status":"","sticky":false,"template":"","format":"standard","meta":{"footnotes":"","_share_on_mastodon":"0"},"categories":[5],"tags":[26,27,2644,37,33,35,34,36,31,32,3933,21,7876,28,29,19,2920,25,1792,2130,23,24,22,20,30],"class_list":["post-267301","post","type-post","status-publish","format-standard","has-post-thumbnail","category-uldised-uudised","tag-breaking-news","tag-breakingnews","tag-eakad","tag-ee","tag-eesti","tag-eesti-keel","tag-estonia","tag-estonian","tag-featured-news","tag-featurednews","tag-hairekeskus","tag-headlines","tag-kohalik-omavalitsus","tag-latest-news","tag-latestnews","tag-news","tag-politsei-ja-piirivalveamet","tag-populaarseimad-lood","tag-sotsiaalministeerium","tag-tallinn","tag-top-stories","tag-topstories","tag-uldised-uudised","tag-uudised","tag-viimased-uudised"],"share_on_mastodon":{"url":"https:\/\/pubeurope.com\/@ee\/117205956423428667","error":""},"_links":{"self":[{"href":"https:\/\/www.europesays.com\/ee\/wp-json\/wp\/v2\/posts\/267301","targetHints":{"allow":["GET"]}}],"collection":[{"href":"https:\/\/www.europesays.com\/ee\/wp-json\/wp\/v2\/posts"}],"about":[{"href":"https:\/\/www.europesays.com\/ee\/wp-json\/wp\/v2\/types\/post"}],"author":[{"embeddable":true,"href":"https:\/\/www.europesays.com\/ee\/wp-json\/wp\/v2\/users\/2"}],"replies":[{"embeddable":true,"href":"https:\/\/www.europesays.com\/ee\/wp-json\/wp\/v2\/comments?post=267301"}],"version-history":[{"count":0,"href":"https:\/\/www.europesays.com\/ee\/wp-json\/wp\/v2\/posts\/267301\/revisions"}],"wp:featuredmedia":[{"embeddable":true,"href":"https:\/\/www.europesays.com\/ee\/wp-json\/wp\/v2\/media\/267302"}],"wp:attachment":[{"href":"https:\/\/www.europesays.com\/ee\/wp-json\/wp\/v2\/media?parent=267301"}],"wp:term":[{"taxonomy":"category","embeddable":true,"href":"https:\/\/www.europesays.com\/ee\/wp-json\/wp\/v2\/categories?post=267301"},{"taxonomy":"post_tag","embeddable":true,"href":"https:\/\/www.europesays.com\/ee\/wp-json\/wp\/v2\/tags?post=267301"}],"curies":[{"name":"wp","href":"https:\/\/api.w.org\/{rel}","templated":true}]}}