{"id":267303,"date":"2026-09-03T07:40:08","date_gmt":"2026-09-03T07:40:08","guid":{"rendered":"https:\/\/www.europesays.com\/ee\/267303\/"},"modified":"2026-09-03T07:40:08","modified_gmt":"2026-09-03T07:40:08","slug":"pardi-paevad-algasid-avakontserdiga-estonia-kontserdisaalis","status":"publish","type":"post","link":"https:\/\/www.europesays.com\/ee\/267303\/","title":{"rendered":"P\u00e4rdi p\u00e4evad algasid avakontserdiga Estonia kontserdisaalis"},"content":{"rendered":"<p>2.-11. septembrini toimuvate traditsiooniliste P\u00c4RDI P\u00c4EVADEGA t\u00e4histab Nargenfestival helilooja Arvo P\u00e4rdi 91. s\u00fcnnip\u00e4eva. P\u00e4rdi p\u00e4evad on 17 kontserdi ja 8 erineva kavaga j\u00f5udmas kirikutesse ja kontserdisaalidesse \u00fcle Eesti: Tallinnasse, Narva, Tartusse, Rakverre, P\u00e4rnu, Viljandisse, Laulasmaale, Viimsisse, Haapsalusse, Paidesse, Kuressaarde, K\u00e4rdlasse ja Raplasse.<\/p>\n<p>T\u00f5nu Kaljuste, P\u00e4rdi p\u00e4evade kunstiline juht: \u00abP\u00e4rdi p\u00e4evad 2026 j\u00e4tkavad Arvo P\u00e4rdi loomingu t\u00f5lgendusv\u00f5imaluste avardamist, otsides tasakaalu p\u00fcsivate v\u00e4\u00e4rtuste ja v\u00e4rskete vaatenurkade vahel. T\u00e4navune festival toob kokku eri p\u00f5lvkonnad, koosseisud ja muusikalised m\u00f5tteviisid, mis aitavad P\u00e4rdi loomingut \u00fcha uuesti avastada. Festivali avab Eesti Filharmoonia Kammerkoori ja Cambridge\u2019i orkestri Academy of Ancient Music koost\u00f6\u00f6.<\/p>\n<p>ERSO 100. hooaja kavasse on k\u00f5rvuti asetatud Heino Elleri ja Arvo P\u00e4rdi teised s\u00fcmfooniad \u2013 \u00f5petaja ja \u00f5pilase m\u00f5tteline dialoog l\u00e4bi aja. Maria Listra esitab esimest korda P\u00e4rdi teose \u00abComo cierva sedienta\u00bb. Vox Clamantis musitseerib koos Hans Christian Aavikuga, Hortus Musicus alustab festivali Narvas ning Tallinna Kammerorkester toob kuulajateni P\u0113teris Vasksi ja James MacMillani muusika.<\/p>\n<p>Aastatega on paljude P\u00e4rdi teoste ettekanded saanud osaks meie \u00fchisest kuulmism\u00e4lust, sageli t\u00e4nu silmapaistvatele salvestistele. P\u00e4rdi p\u00e4evade eesm\u00e4rk on hoida seda p\u00e4randit elavana, otsides samal ajal uusi k\u00f5lav\u00e4rve, t\u00f5lgendusviise ja kuulamiskogemusi.<\/p>\n<p>11. septembril t\u00e4histab Arvo P\u00e4rt oma 91. s\u00fcnnip\u00e4eva. Soovime talle tervist, j\u00f5udu ja loomisr\u00f5\u00f5mu ning saadame oma \u00f5nnesoovid teele k\u00f5igist neist Eesti paikadest, kus tema muusika neil p\u00e4evil k\u00f5lab. H\u00e4id P\u00e4rdi p\u00e4evi!\u00bb<\/p>\n","protected":false},"excerpt":{"rendered":"2.-11. septembrini toimuvate traditsiooniliste P\u00c4RDI P\u00c4EVADEGA t\u00e4histab Nargenfestival helilooja Arvo P\u00e4rdi 91. s\u00fcnnip\u00e4eva. P\u00e4rdi p\u00e4evad on 17 kontserdi&hellip;\n","protected":false},"author":2,"featured_media":267304,"comment_status":"","ping_status":"","sticky":false,"template":"","format":"standard","meta":{"footnotes":"","_share_on_mastodon":"0"},"categories":[16],"tags":[103428,4513,37,33,7532,35,173,175,34,36,11773,4996,36476,7531,140,90764,100981,20344,1557,20175],"class_list":["post-267303","post","type-post","status-publish","format-standard","has-post-thumbnail","category-meelelahutus","tag-academy-of-ancient-music","tag-arvo-part","tag-ee","tag-eesti","tag-eesti-filharmoonia-kammerkoor","tag-eesti-keel","tag-entertainment","tag-erso","tag-estonia","tag-estonian","tag-hans-christian-aavik","tag-heino-eller","tag-hortus-musicus","tag-maria-listra","tag-meelelahutus","tag-nargenfestival","tag-pardi-paevad","tag-tallinna-kammerorkester","tag-tonu-kaljuste","tag-vox-clamantis"],"share_on_mastodon":{"url":"https:\/\/pubeurope.com\/@ee\/117205980056340889","error":""},"_links":{"self":[{"href":"https:\/\/www.europesays.com\/ee\/wp-json\/wp\/v2\/posts\/267303","targetHints":{"allow":["GET"]}}],"collection":[{"href":"https:\/\/www.europesays.com\/ee\/wp-json\/wp\/v2\/posts"}],"about":[{"href":"https:\/\/www.europesays.com\/ee\/wp-json\/wp\/v2\/types\/post"}],"author":[{"embeddable":true,"href":"https:\/\/www.europesays.com\/ee\/wp-json\/wp\/v2\/users\/2"}],"replies":[{"embeddable":true,"href":"https:\/\/www.europesays.com\/ee\/wp-json\/wp\/v2\/comments?post=267303"}],"version-history":[{"count":0,"href":"https:\/\/www.europesays.com\/ee\/wp-json\/wp\/v2\/posts\/267303\/revisions"}],"wp:featuredmedia":[{"embeddable":true,"href":"https:\/\/www.europesays.com\/ee\/wp-json\/wp\/v2\/media\/267304"}],"wp:attachment":[{"href":"https:\/\/www.europesays.com\/ee\/wp-json\/wp\/v2\/media?parent=267303"}],"wp:term":[{"taxonomy":"category","embeddable":true,"href":"https:\/\/www.europesays.com\/ee\/wp-json\/wp\/v2\/categories?post=267303"},{"taxonomy":"post_tag","embeddable":true,"href":"https:\/\/www.europesays.com\/ee\/wp-json\/wp\/v2\/tags?post=267303"}],"curies":[{"name":"wp","href":"https:\/\/api.w.org\/{rel}","templated":true}]}}