{"id":267317,"date":"2026-09-03T07:56:09","date_gmt":"2026-09-03T07:56:09","guid":{"rendered":"https:\/\/www.europesays.com\/ee\/267317\/"},"modified":"2026-09-03T07:56:09","modified_gmt":"2026-09-03T07:56:09","slug":"hispaanias-avaldasid-ceuta-randekriisi-parast-kumned-tuhanded-meelt-valitsuse-vastu","status":"publish","type":"post","link":"https:\/\/www.europesays.com\/ee\/267317\/","title":{"rendered":"Hispaanias avaldasid Ceuta r\u00e4ndekriisi p\u00e4rast k\u00fcmned tuhanded meelt valitsuse vastu"},"content":{"rendered":"<p>Hispaania opositsioonierakonnad s\u00fc\u00fcdistavad peaminister <a rel=\"noopener nofollow\" target=\"_blank\" href=\"https:\/\/www.delfi.ee\/teema\/82513227\/pedro-sanchez\" tag-id=\"82513227\">Pedro S\u00e1nchezit<\/a> Ceuta elanike h\u00fclgamises. Valitsuse s\u00f5nul kasutavad aga parempoolsed erakonnad kriisi lihtsalt \u00e4ra, vahendab BBC News.<\/p>\n<p>Eile avaldatud politseiraportis \u00f6eldakse, et <a rel=\"noopener nofollow\" target=\"_blank\" href=\"https:\/\/www.delfi.ee\/teema\/25280437\/maroko\" tag-id=\"25280437\">Maroko<\/a> julgeolekuj\u00f5ud n\u00e4itasid migrantide Ceutasse sissetungi ajal \u00fcles \u201et\u00e4ielikku sallivust\u201c, kuigi S\u00e1nchez oli m\u00f5ni p\u00e4ev varem kinnitanud, et Maroko ei ole kuidagi vastutav.<\/p>\n<p>Hispaania meedia teatel osutab riigipolitsei sisser\u00e4nde- ja piirikeskuse (CENIF) raport riigikohtule Maroko sandarmite seotusele migrantide piiri\u00fcletustega. Raportis \u00f6eldakse, et Maroko politsei kohaolek piiril oli selgelt v\u00e4iksem kui tavaliselt, ning tsiteeritakse migrante, kes on r\u00e4\u00e4kinud \u201epassiivsest suhtumisest\u201c piiri\u00fcletuste ajal.<\/p>\n<p>Raport ei s\u00fc\u00fcdista siiski Marokot kategooriliselt sissetungi taga olemises.<\/p>\n<p>S\u00e1nchez on s\u00fc\u00fcdistanud inimkaubitsejaid ja desinformatsiooni internetis, mis \u00f5hutas inimesi piiri \u00fcletama. Maroko on eitanud massilise piiri\u00fcletamise korraldamist v\u00f5i seotust sellega.<\/p>\n<p>30. ja 31. juulil tungis Marokost Ceutasse v\u00e4hemalt 72 000 migranti ja kuigi enamik neist on lahkunud, on kuni 5000 inimest endiselt kiiresti rajatud laagrites v\u00f5i Ceuta t\u00e4navatel v\u00f5i rannas, mis on toonud kaasa rahutused linnas ja kriisi S\u00e1nchezi jaoks.<\/p>\n<p>Kohalike pea igap\u00e4evastel meeleavaldustel n\u00f5utakse migrantide p\u00e4ritoluriikidesse tagasi saatmist v\u00f5i m\u00f6\u00f6da Hispaaniat laiali jaotamist.<\/p>\n<p>Eile kutsusid opositsoonierakondade \u2013 konservatiivse Rahvapartei (PP) ja parem\u00e4\u00e4rmusliku Voxi \u2013 valitsetavate linnade juhid \u00fcle Hispaania inimesi meeleavaldustele, millel n\u00f5uti S\u00e1nchezi tagasiastumist.<\/p>\n<p>PP esimees Alberto N\u00fa\u00f1ez Feij\u00f3o esines meeleavaldusel pealinnas <a rel=\"noopener nofollow\" target=\"_blank\" href=\"https:\/\/www.delfi.ee\/teema\/35097543\/madrid\" tag-id=\"35097543\">Madridis<\/a>, kuhu kogunes \u00fcle 50 000 inimese.<\/p>\n<p>\u201e\u00dchte Hispaania linna on sisse tungitud, see on okupeeritud ja kahjuks juhtus see Hispaania valitsuse teadmisel,\u201c \u00fctles N\u00fa\u00f1ez Feij\u00f3o.<\/p>\n<p>Voxi juht Santiago Abascal kuulutas, et S\u00e1nchez on Maroko re\u017eiimi teenistuses nagu lakei.<\/p>\n<p>Suur meeleavaldus toimus ka Ceutas endas, kus skandeeriti \u201eCeuta ei ole m\u00fc\u00fca, Ceutat tuleb kaitsta\u201c.<\/p>\n<p>Kuidas see lugu Sind end tundma pani?Saada<a href=\"https:\/\/www.delfi.ee\/artikkel\/120608038\/hispaanias-avaldasid-ceuta-randekriisi-parast-kumned-tuhanded-meelt-valitsuse-vastu\/kommentaarid\" class=\"button button--primary button--size-auto article-body-bottom__comment article-body-bottom__comment--write\" style=\"\" rel=\"nofollow noopener\" target=\"_blank\">Kommenteeri<\/a><a href=\"https:\/\/www.delfi.ee\/artikkel\/120608038\/hispaanias-avaldasid-ceuta-randekriisi-parast-kumned-tuhanded-meelt-valitsuse-vastu\/kommentaarid\" class=\"button button--size-auto article-body-bottom__comment article-body-bottom__comment--read\" style=\"\" rel=\"nofollow noopener\" target=\"_blank\">Loe kommentaare (2)<\/a><\/p>\n","protected":false},"excerpt":{"rendered":"Hispaania opositsioonierakonnad s\u00fc\u00fcdistavad peaminister Pedro S\u00e1nchezit Ceuta elanike h\u00fclgamises. Valitsuse s\u00f5nul kasutavad aga parempoolsed erakonnad kriisi lihtsalt \u00e4ra,&hellip;\n","protected":false},"author":2,"featured_media":267318,"comment_status":"","ping_status":"","sticky":false,"template":"","format":"standard","meta":{"footnotes":"","_share_on_mastodon":"0"},"categories":[80],"tags":[1114,26,27,95423,37,33,35,34,36,31,32,21,110,28,29,95,6599,11852,19,1141,25,23,24,22,20,30,92,93,94],"class_list":["post-267317","post","type-post","status-publish","format-standard","has-post-thumbnail","category-maailm","tag-aafrika","tag-breaking-news","tag-breakingnews","tag-ceuta","tag-ee","tag-eesti","tag-eesti-keel","tag-estonia","tag-estonian","tag-featured-news","tag-featurednews","tag-headlines","tag-hispaania","tag-latest-news","tag-latestnews","tag-maailm","tag-madrid","tag-maroko","tag-news","tag-pedro-sanchez","tag-populaarseimad-lood","tag-top-stories","tag-topstories","tag-uldised-uudised","tag-uudised","tag-viimased-uudised","tag-world","tag-world-news","tag-worldnews"],"share_on_mastodon":{"url":"https:\/\/pubeurope.com\/@ee\/117206042712598121","error":""},"_links":{"self":[{"href":"https:\/\/www.europesays.com\/ee\/wp-json\/wp\/v2\/posts\/267317","targetHints":{"allow":["GET"]}}],"collection":[{"href":"https:\/\/www.europesays.com\/ee\/wp-json\/wp\/v2\/posts"}],"about":[{"href":"https:\/\/www.europesays.com\/ee\/wp-json\/wp\/v2\/types\/post"}],"author":[{"embeddable":true,"href":"https:\/\/www.europesays.com\/ee\/wp-json\/wp\/v2\/users\/2"}],"replies":[{"embeddable":true,"href":"https:\/\/www.europesays.com\/ee\/wp-json\/wp\/v2\/comments?post=267317"}],"version-history":[{"count":0,"href":"https:\/\/www.europesays.com\/ee\/wp-json\/wp\/v2\/posts\/267317\/revisions"}],"wp:featuredmedia":[{"embeddable":true,"href":"https:\/\/www.europesays.com\/ee\/wp-json\/wp\/v2\/media\/267318"}],"wp:attachment":[{"href":"https:\/\/www.europesays.com\/ee\/wp-json\/wp\/v2\/media?parent=267317"}],"wp:term":[{"taxonomy":"category","embeddable":true,"href":"https:\/\/www.europesays.com\/ee\/wp-json\/wp\/v2\/categories?post=267317"},{"taxonomy":"post_tag","embeddable":true,"href":"https:\/\/www.europesays.com\/ee\/wp-json\/wp\/v2\/tags?post=267317"}],"curies":[{"name":"wp","href":"https:\/\/api.w.org\/{rel}","templated":true}]}}