{"id":267327,"date":"2026-09-03T08:07:29","date_gmt":"2026-09-03T08:07:29","guid":{"rendered":"https:\/\/www.europesays.com\/ee\/267327\/"},"modified":"2026-09-03T08:07:29","modified_gmt":"2026-09-03T08:07:29","slug":"kreml-putin-trump-ja-zelenskoi-voivad-kohtuda-vaid-kokkulepete-kinnitamiseks","status":"publish","type":"post","link":"https:\/\/www.europesays.com\/ee\/267327\/","title":{"rendered":"Kreml: Putin, Trump ja Zelensk\u00f5i v\u00f5ivad kohtuda vaid kokkulepete kinnitamiseks"},"content":{"rendered":"<p>Venemaa, USA ja Ukraina presidentide Vladimir Putini, Donald Trumpi ja Volod\u00f5m\u00f5r Zelensk\u00f5i kolmepoolne kohtumine on v\u00f5imalik vaid juba saavutatud kokkulepete l\u00f5plikuks fikseerimiseks. Seda teatas Venemaa presidendi pressiesindaja Dmitri Peskov, vahendab Interfax, mille s\u00f5nu tsiteerib Meduza.<\/p>\n<p data-path-to-node=\"1\">Nii kommenteeris Peskov Axiose v\u00e4ljaannet selle kohta, et Luure Keskagentuuri (CIA) direktor John Ratcliffe tegi oma Moskva-visiidi ajal tippkohtumise ettepaneku Putini, Trumpi ja Zelensk\u00f5i osalusel.<\/p>\n<p data-path-to-node=\"2\">\u201cPutini \u2014 Trumpi \u2014 Zelensk\u00f5i tippkohtumist on tehtud ettepanek korraldada juba pikka aega. Ja te teate h\u00e4sti meie riigipea seisukohta: selline kohtumine on v\u00f5imalik vaid kokkulepete fikseerimiseks. Kokkulepped \u2014 see pole sugugi primitiivne tehing,\u201d teatas Peskov.<\/p>\n<p data-path-to-node=\"3\">Tema s\u00f5nul kujutab reguleerimine endast keerulist protsessi, mis koosneb paljudest detailidest.<\/p>\n<p data-path-to-node=\"4\">\u201cLoomulikult on presidentidel absoluutselt kasutu kohtuda selleks, et seda k\u00f5ike arutada. Nad saavad kohtuda vaid selleks, et kokkulepped l\u00f5pule viia,\u201d \u00fctles Kremli esindaja.<\/p>\n<p data-path-to-node=\"5\">Seejuures s\u00fc\u00fcdistas Peskov taas Ukraina poolt soovimatuses tegeleda \u201creaalse reguleerimisega\u201d.<\/p>\n","protected":false},"excerpt":{"rendered":"Venemaa, USA ja Ukraina presidentide Vladimir Putini, Donald Trumpi ja Volod\u00f5m\u00f5r Zelensk\u00f5i kolmepoolne kohtumine on v\u00f5imalik vaid juba&hellip;\n","protected":false},"author":2,"featured_media":267328,"comment_status":"","ping_status":"","sticky":false,"template":"","format":"standard","meta":{"footnotes":"","_share_on_mastodon":"0"},"categories":[80],"tags":[26,27,944,324,37,33,35,34,36,31,32,21,28,29,95,19,25,23,24,262,22,325,20,96,30,661,1268,92,93,94],"class_list":["post-267327","post","type-post","status-publish","format-standard","has-post-thumbnail","category-maailm","tag-breaking-news","tag-breakingnews","tag-dmitri-peskov","tag-donald-trump","tag-ee","tag-eesti","tag-eesti-keel","tag-estonia","tag-estonian","tag-featured-news","tag-featurednews","tag-headlines","tag-latest-news","tag-latestnews","tag-maailm","tag-news","tag-populaarseimad-lood","tag-top-stories","tag-topstories","tag-ukraina","tag-uldised-uudised","tag-usa","tag-uudised","tag-venemaa","tag-viimased-uudised","tag-vladimir-putin","tag-volodomor-zelenski","tag-world","tag-world-news","tag-worldnews"],"share_on_mastodon":{"url":"https:\/\/pubeurope.com\/@ee\/117206086269909494","error":""},"_links":{"self":[{"href":"https:\/\/www.europesays.com\/ee\/wp-json\/wp\/v2\/posts\/267327","targetHints":{"allow":["GET"]}}],"collection":[{"href":"https:\/\/www.europesays.com\/ee\/wp-json\/wp\/v2\/posts"}],"about":[{"href":"https:\/\/www.europesays.com\/ee\/wp-json\/wp\/v2\/types\/post"}],"author":[{"embeddable":true,"href":"https:\/\/www.europesays.com\/ee\/wp-json\/wp\/v2\/users\/2"}],"replies":[{"embeddable":true,"href":"https:\/\/www.europesays.com\/ee\/wp-json\/wp\/v2\/comments?post=267327"}],"version-history":[{"count":0,"href":"https:\/\/www.europesays.com\/ee\/wp-json\/wp\/v2\/posts\/267327\/revisions"}],"wp:featuredmedia":[{"embeddable":true,"href":"https:\/\/www.europesays.com\/ee\/wp-json\/wp\/v2\/media\/267328"}],"wp:attachment":[{"href":"https:\/\/www.europesays.com\/ee\/wp-json\/wp\/v2\/media?parent=267327"}],"wp:term":[{"taxonomy":"category","embeddable":true,"href":"https:\/\/www.europesays.com\/ee\/wp-json\/wp\/v2\/categories?post=267327"},{"taxonomy":"post_tag","embeddable":true,"href":"https:\/\/www.europesays.com\/ee\/wp-json\/wp\/v2\/tags?post=267327"}],"curies":[{"name":"wp","href":"https:\/\/api.w.org\/{rel}","templated":true}]}}