{"id":267329,"date":"2026-09-03T08:08:16","date_gmt":"2026-09-03T08:08:16","guid":{"rendered":"https:\/\/www.europesays.com\/ee\/267329\/"},"modified":"2026-09-03T08:08:16","modified_gmt":"2026-09-03T08:08:16","slug":"kris-karner-liitub-tartu-volikogus-keskerakonna-saadikuteruhmaga-eesti","status":"publish","type":"post","link":"https:\/\/www.europesays.com\/ee\/267329\/","title":{"rendered":"Kris K\u00e4rner liitub Tartu volikogus Keskerakonna saadikuter\u00fchmaga | Eesti"},"content":{"rendered":"<p>Tartu linnavolikogu Keskerakonna saadikuter\u00fchmaga liitub Kris K\u00e4rner ja moodustatakse Keskerakonna fraktsioon. Keskerakonna Tartu piirkonna esimehe ja volikogu liikme Anneli Oti s\u00f5nul on koost\u00f6\u00f6 aluseks eesm\u00e4rk seista tartlaste huvide eest ning \u00fchiste seisukohtade elluviimine volikogus.<\/p>\n<p>&#8220;Kris K\u00e4rner sai kohalikel valimistel isikumandaadi ja seega tugeva tartlaste toetuse. Selge valijate antud mandaat on vastutus, millest ei saa ega tohigi m\u00f6\u00f6da vaadata. Meie jaoks on oluline, et nende inimeste, paljuski noorte tartlaste h\u00e4\u00e4l oleks volikogus v\u00f5imalikult tugevalt esindatud,&#8221; \u00fctles Anneli Ott.\u00a0<\/p>\n<p>Kris K\u00e4rner kinnitas, et tal on Keskerakonnaga piisav \u00fchisosa k\u00fcsimustes, mis on nii Tartu kui ka Eesti tuleviku seisukohalt olulised \u2013 noorte eneseteostuse v\u00f5imalused, haridus, ettev\u00f5tlus, inimeste toimetulek ning m\u00f5istlik ja praktiline linnajuhtimine.\u00a0<\/p>\n<p>&#8220;Ma ei l\u00e4he fraktsiooni selleks, et vaiksemaks j\u00e4\u00e4da, vaid selleks, et minu valijate h\u00e4\u00e4l oleks tugevam,&#8221; \u00fctles Kris K\u00e4rner.<\/p>\n<p>&#8220;1597 inimest andsid mulle mandaadi nende eest seista. Ma v\u00f5tan seda v\u00e4ga t\u00f5siselt. \u00dcksinda saab volikogus t\u00f5statada k\u00fcsimusi ja juhtida probleemidele t\u00e4helepanu, kuid poliitika eesm\u00e4rk peab olema ka otsuseid muuta. Fraktsioonis on selleks oluliselt rohkem v\u00f5imalusi,&#8221; lausus K\u00e4rner.\u00a0<\/p>\n<p>Keskerakonna pressiteates seisis, et Kris K\u00e4rner on juba n\u00e4idanud, et tema h\u00e4\u00e4l v\u00f5ib Tartu volikogus m\u00f5jutada konkreetseid otsuseid. &#8220;Tema toetusel ja opositsiooni koost\u00f6\u00f6s otsustas linnavolikogu j\u00e4tkata kuni 19-aastaste tartlaste erakorralise meditsiini osakonna visiiditasu h\u00fcvitamist, kuigi linnavalitsus oli kavatsenud selle pealt kokku hoida,&#8221; seisis teates.\u00a0<\/p>\n<p>Keskerakonda esindavad praegu Tartu linnavolikogus Anneli Ott, Irina Panova, Nikolai P\u00f5dram\u00e4gi ja Artjom Suvorov. Kris K\u00e4rneri liitumise j\u00e4rel saab moodustada viieliikmelise Keskerakonna fraktsiooni.\u00a0<\/p>\n<p>K\u00e4rneri skandaalne k\u00e4itumine<\/p>\n<p>Striimer K\u00e4rner kuulus Isamaasse eelmise aasta septembrini, kuid lahkus erakonnast peale seda, kui oli teinud \u00fcleskutseid poliitilisele v\u00e4givallale. K\u00e4rner oli erakonda astunud sama aasta veebruaris, kuid paistis oma sotsiaalmeediapostitustes silma viha \u00f5hutamisega, kirjutades muu hulgas, et sotsid tuleb seina \u00e4\u00e4rde panna ja pumpp\u00fcssiga maha lasta.<\/p>\n<p>K\u00e4rner kandideeris siiski oktoobris kohalikel omavalitsuste valimistel Isamaa nimekirjas ning sai Tartu linnas paremuselt neljanda tulemuse ehk 1597 h\u00e4\u00e4lt ning p\u00e4\u00e4ses volikokku.<\/p>\n<p>Eelmise aasta novembris s\u00f5imas K\u00e4rner Isamaa poliitikut T\u00f5nis Lukast selgrootuks t\u00f6llmokaks, v\u00e4rdjaks ja vanaks k\u00e4rsaks.<\/p>\n<p>Eelmise aasta detsembris liitus K\u00e4rner linnavolikogus Isamaa fraktsiooniga. Fraktsioonist j\u00e4i v\u00e4lja T\u00f5nis Lukas, kes keeldus olema K\u00e4rneriga samas liidus.<\/p>\n<p>T\u00e4navu veebruaris otsustas Isamaa fraktsioon K\u00e4rneri siiski ka oma ridadest v\u00e4lja arvata.<\/p>\n<p>Fraktsiooni esimees ja Isamaa Tartu piirkonna juht Kaspar Kokk \u00fctles, et K\u00e4rneri v\u00e4lja\u00fctlemised n\u00e4itavad m\u00f5istmatust selle osas, mis on poliitikule ja laiemalt avaliku elu tegelasele kohane.<\/p>\n<p>&#8220;Kahjuks ei j\u00e4ta tema k\u00e4itumine muud v\u00f5imalust, kui langetasime fraktsiooni liikmetega otsuse ta enda hulgast v\u00e4lja arvata. Ma loodan, et ta saab ise varem v\u00f5i hiljem aru, et s\u00f5nadel on tagaj\u00e4rjed, aga meie koost\u00f6\u00f6 on selle otsusega l\u00f5ppenud,&#8221; \u00fctles Kokk.<\/p>\n","protected":false},"excerpt":{"rendered":"Tartu linnavolikogu Keskerakonna saadikuter\u00fchmaga liitub Kris K\u00e4rner ja moodustatakse Keskerakonna fraktsioon. Keskerakonna Tartu piirkonna esimehe ja volikogu liikme&hellip;\n","protected":false},"author":2,"featured_media":267330,"comment_status":"","ping_status":"","sticky":false,"template":"","format":"standard","meta":{"footnotes":"","_share_on_mastodon":"0"},"categories":[12],"tags":[23190,26,27,37,33,35,34,36,31,32,21,819,12521,28,29,19,25,23,24,22,20,30],"class_list":["post-267329","post","type-post","status-publish","format-standard","has-post-thumbnail","category-eesti","tag-anneli-ott","tag-breaking-news","tag-breakingnews","tag-ee","tag-eesti","tag-eesti-keel","tag-estonia","tag-estonian","tag-featured-news","tag-featurednews","tag-headlines","tag-keskerakond","tag-kris-karner","tag-latest-news","tag-latestnews","tag-news","tag-populaarseimad-lood","tag-top-stories","tag-topstories","tag-uldised-uudised","tag-uudised","tag-viimased-uudised"],"share_on_mastodon":{"url":"https:\/\/pubeurope.com\/@ee\/117206090103263895","error":""},"_links":{"self":[{"href":"https:\/\/www.europesays.com\/ee\/wp-json\/wp\/v2\/posts\/267329","targetHints":{"allow":["GET"]}}],"collection":[{"href":"https:\/\/www.europesays.com\/ee\/wp-json\/wp\/v2\/posts"}],"about":[{"href":"https:\/\/www.europesays.com\/ee\/wp-json\/wp\/v2\/types\/post"}],"author":[{"embeddable":true,"href":"https:\/\/www.europesays.com\/ee\/wp-json\/wp\/v2\/users\/2"}],"replies":[{"embeddable":true,"href":"https:\/\/www.europesays.com\/ee\/wp-json\/wp\/v2\/comments?post=267329"}],"version-history":[{"count":0,"href":"https:\/\/www.europesays.com\/ee\/wp-json\/wp\/v2\/posts\/267329\/revisions"}],"wp:featuredmedia":[{"embeddable":true,"href":"https:\/\/www.europesays.com\/ee\/wp-json\/wp\/v2\/media\/267330"}],"wp:attachment":[{"href":"https:\/\/www.europesays.com\/ee\/wp-json\/wp\/v2\/media?parent=267329"}],"wp:term":[{"taxonomy":"category","embeddable":true,"href":"https:\/\/www.europesays.com\/ee\/wp-json\/wp\/v2\/categories?post=267329"},{"taxonomy":"post_tag","embeddable":true,"href":"https:\/\/www.europesays.com\/ee\/wp-json\/wp\/v2\/tags?post=267329"}],"curies":[{"name":"wp","href":"https:\/\/api.w.org\/{rel}","templated":true}]}}