{"id":267341,"date":"2026-09-03T08:20:14","date_gmt":"2026-09-03T08:20:14","guid":{"rendered":"https:\/\/www.europesays.com\/ee\/267341\/"},"modified":"2026-09-03T08:20:14","modified_gmt":"2026-09-03T08:20:14","slug":"ansambel-u-alustab-uut-hooaega-kahe-esiettekandega-muusika","status":"publish","type":"post","link":"https:\/\/www.europesays.com\/ee\/267341\/","title":{"rendered":"Ansambel U: alustab uut hooaega kahe esiettekandega | Muusika"},"content":{"rendered":"<p>8. septembril toimub ansambel U: hooaja avakontsert kontsert  &#8220;Eesti \/ Biofoonia&#8221;, kus k\u00f5lab ka kaks esiettekannet.<\/p>\n<p>Esmakordselt j\u00f5uavad kontserdil kuulajate ette Toivo Tulevi &#8220;Seitse paaritush\u00fc\u00fcdu kuuele m\u00e4ngijale&#8221; ning\u00a0Riho Esko Maimets\u00a0&#8220;Dimension&#8221;. Tulevi l\u00e4htepunktiks on 17-aastase eluts\u00fckliga tsikaadid, kes tulevad maa alt v\u00e4lja paarituma vaid oma elu viimastel kuudel, Maimets tegeleb aga haavatavuse teemaga.<\/p>\n<p>Nende k\u00f5rval tulevad ERR-i uudistemaja 1. stuudios ettekandele Ryan Adamsi &#8220;Sentimental Densities&#8221; klaverile, t\u0161ellole ja fl\u00f6\u00f6dile ja Liina Sumera &#8220;Pahoehoe&#8221; ansamblile ja elektroonikale. <\/p>\n<p>Kontserdi alapealkiri &#8220;Biofoonika&#8221; viitab eluh\u00e4\u00e4lte kogumile \u00f6kos\u00fcsteemi helimaastikus, mis koosneb lindude, imetajate, kahepaiksete, putukate ja teiste poolt esile kutsutud helidest.\u00a0 Mis on inimese ja inimeste muusika roll selles kontekstis?\u00a0Nendel teemadel arutleb kontserdil biosemiootik Kalevi Kull.<\/p>\n<p>Ansambel U:\u00a0loodi 2002 aastal Taavi Kerikm\u00e4e ja Tarmo Johannese poolt ja sellesse kuuluvad kuus muusikut:\u00a0Helena Tuuling,\u00a0Merje Roomere,\u00a0Levi-Danel M\u00e4gila,\u00a0Taavi Kerikm\u00e4e,\u00a0Tarmo Johannes\u00a0ja Vambola Krigul.<\/p>\n<p>Kontserti saab otse\u00fclekandes kuulata ka Klassikaraadios, \u00fclekanne algab 8. septembril kell 19.00.<\/p>\n","protected":false},"excerpt":{"rendered":"8. septembril toimub ansambel U: hooaja avakontsert kontsert &#8220;Eesti \/ Biofoonia&#8221;, kus k\u00f5lab ka kaks esiettekannet. Esmakordselt j\u00f5uavad&hellip;\n","protected":false},"author":2,"featured_media":267342,"comment_status":"","ping_status":"","sticky":false,"template":"","format":"standard","meta":{"footnotes":"","_share_on_mastodon":"0"},"categories":[5],"tags":[31974,26,27,37,33,35,34,36,31,32,21,28,29,144,19,84175,25,29514,103556,23,24,103555,22,20,30],"class_list":["post-267341","post","type-post","status-publish","format-standard","has-post-thumbnail","category-uldised-uudised","tag-ansambel-u","tag-breaking-news","tag-breakingnews","tag-ee","tag-eesti","tag-eesti-keel","tag-estonia","tag-estonian","tag-featured-news","tag-featurednews","tag-headlines","tag-latest-news","tag-latestnews","tag-muusika","tag-news","tag-nuudismuusika","tag-populaarseimad-lood","tag-taavi-kerikmae","tag-tarmo-johannes","tag-top-stories","tag-topstories","tag-u","tag-uldised-uudised","tag-uudised","tag-viimased-uudised"],"share_on_mastodon":{"url":"https:\/\/pubeurope.com\/@ee\/117206137273823635","error":""},"_links":{"self":[{"href":"https:\/\/www.europesays.com\/ee\/wp-json\/wp\/v2\/posts\/267341","targetHints":{"allow":["GET"]}}],"collection":[{"href":"https:\/\/www.europesays.com\/ee\/wp-json\/wp\/v2\/posts"}],"about":[{"href":"https:\/\/www.europesays.com\/ee\/wp-json\/wp\/v2\/types\/post"}],"author":[{"embeddable":true,"href":"https:\/\/www.europesays.com\/ee\/wp-json\/wp\/v2\/users\/2"}],"replies":[{"embeddable":true,"href":"https:\/\/www.europesays.com\/ee\/wp-json\/wp\/v2\/comments?post=267341"}],"version-history":[{"count":0,"href":"https:\/\/www.europesays.com\/ee\/wp-json\/wp\/v2\/posts\/267341\/revisions"}],"wp:featuredmedia":[{"embeddable":true,"href":"https:\/\/www.europesays.com\/ee\/wp-json\/wp\/v2\/media\/267342"}],"wp:attachment":[{"href":"https:\/\/www.europesays.com\/ee\/wp-json\/wp\/v2\/media?parent=267341"}],"wp:term":[{"taxonomy":"category","embeddable":true,"href":"https:\/\/www.europesays.com\/ee\/wp-json\/wp\/v2\/categories?post=267341"},{"taxonomy":"post_tag","embeddable":true,"href":"https:\/\/www.europesays.com\/ee\/wp-json\/wp\/v2\/tags?post=267341"}],"curies":[{"name":"wp","href":"https:\/\/api.w.org\/{rel}","templated":true}]}}