{"id":267343,"date":"2026-09-03T08:27:29","date_gmt":"2026-09-03T08:27:29","guid":{"rendered":"https:\/\/www.europesays.com\/ee\/267343\/"},"modified":"2026-09-03T08:27:29","modified_gmt":"2026-09-03T08:27:29","slug":"sinjavski-ja-poom-teenisid-taisusalduse-ning-tasusid-soccernet-ee","status":"publish","type":"post","link":"https:\/\/www.europesays.com\/ee\/267343\/","title":{"rendered":"Sinjavski ja Poom teenisid t\u00e4isusalduse ning tasusid &#8211; Soccernet.ee"},"content":{"rendered":"<p><img decoding=\"async\" src=\"https:\/\/www.europesays.com\/ee\/wp-content\/uploads\/2026\/09\/1785008143.jpg\" alt=\"Vlasi Sinjavski. Foto: Brit Maria Tael\"\/>&#13;\n<\/p>\n<p>Markus Poom ja Vlasi Sinjavski toetasid omad napile v\u00f5idule. Ports eestlasi j\u00e4i pingile.<\/p>\n<p>Kolme eestlase leivaisa Trencin teenis Slovakkia k\u00f5rgliigas esimese v\u00f5idu, kui alistas viimasel kohal paikneva Ru\u017eomberoki. 2:1 v\u00f5itu panustas keskv\u00e4ljal tugeva esituse ja t\u00e4ism\u00e4ngu teinud Markus Poom, samal ajal kui Dimitri Jepihhin j\u00e4i pingile ning Kristo Hussar taastub veel vigastusest. Viie vooruga kokku viis punkti kogunud Trencin t\u00f5usis 12 meeskonna konkurentsis 9. kohale.&#13;\n<\/p>\n<p>Karikamat\u0161is m\u00e4ngukeelu \u00e4ra kandnud Vlasi Sinjavski andis Ostrava Baniku v\u00f5iduv\u00e4ravale Olomouci Sigma vastu hokis\u00f6\u00f6du ehk v\u00e4ravas\u00f6\u00f6dule eelneva s\u00f6\u00f6du. Nii teenis Banik teist vooru j\u00e4rjest 1:0 v\u00f5idu ning kerkis 16 meeskonna seas kaheksandaks. Sinjavski tegi t\u00e4navuse kolmanda t\u00e4ism\u00e4ngu.&#13;\n<\/p>\n<p>Augustikuud vahetusmehena alustanud Erko Jonne T\u00f5ugjas ka l\u00f5petas pingil. Samas \u00f5nnestus Halmstadil murda \u00fcheksa vooru kestnud v\u00f5iduta jada ja v\u00f5tta viimaks hooaja teine v\u00f5it. Seegi ei tulnud lihtsalt: Kalmari v\u00f5rku sokutati pall alles 90+3. minutil. Sellega l\u00e4ks Halmstadi seis pisut kirkamaks, kuid vastu vaatab ikka viimane tabelirida.&#13;\n<\/p>\n<p>Omasid platsil ei k\u00e4inud aitamas ka Alex Matthias Tamm, kes kuulus esimest korda p\u00e4rast vigastuspausi Ljubljana Olimpija liigam\u00e4ngu koosseisu. Kohtumine viimasel kohal oleva Radomljega t\u00f5i aga vaid 0:0 viigi ning Olimpija j\u00e4tkab Sloveenia k\u00f5rgliiga tabeli keskel.&#13;\n<\/p>\n<p>Vigastuse eelmiseks vooruks seljatanud Robi Saarma j\u00e4i sel korral siiski pealtvaatajaks. Pardubice v\u00f5\u00f5rustas T\u0161ehhi k\u00f5rgliigas Brno Artist, kel \u00f5nnestus 0:1 kaotusseis napiks v\u00f5iduks m\u00e4ngida. 1:2 kaotus m\u00e4rkis Pardubicele juba viiendat allaj\u00e4\u00e4mist, \u00fches m\u00e4ngus saadi viik.<\/p>\n","protected":false},"excerpt":{"rendered":"&#13; Markus Poom ja Vlasi Sinjavski toetasid omad napile v\u00f5idule. Ports eestlasi j\u00e4i pingile. Kolme eestlase leivaisa Trencin&hellip;\n","protected":false},"author":2,"featured_media":267344,"comment_status":"","ping_status":"","sticky":false,"template":"","format":"standard","meta":{"footnotes":"","_share_on_mastodon":"0"},"categories":[18],"tags":[915,32408,916,37,33,35,3474,34,36,53699,33281,5989,7956,6889,2527,32413,5354,6893,4766,4767,1731,159,158,761,3483,5991,1733],"class_list":["post-267343","post","type-post","status-publish","format-standard","has-post-thumbnail","category-sport","tag-alex-matthias-tamm","tag-banik","tag-dimitri-jepihhin","tag-ee","tag-eesti","tag-eesti-keel","tag-erko-jonne-tougjas","tag-estonia","tag-estonian","tag-halmstad","tag-hussar","tag-jepihhin","tag-kristo-hussar","tag-markus-poom","tag-olimpija","tag-ostrava-banik","tag-pardubice","tag-poom","tag-robi-saarma","tag-saarma","tag-sinjavski","tag-sport","tag-sports","tag-tamm","tag-tougjas","tag-trencin","tag-vlasi-sinjavski"],"share_on_mastodon":{"url":"https:\/\/pubeurope.com\/@ee\/117206165194917778","error":""},"_links":{"self":[{"href":"https:\/\/www.europesays.com\/ee\/wp-json\/wp\/v2\/posts\/267343","targetHints":{"allow":["GET"]}}],"collection":[{"href":"https:\/\/www.europesays.com\/ee\/wp-json\/wp\/v2\/posts"}],"about":[{"href":"https:\/\/www.europesays.com\/ee\/wp-json\/wp\/v2\/types\/post"}],"author":[{"embeddable":true,"href":"https:\/\/www.europesays.com\/ee\/wp-json\/wp\/v2\/users\/2"}],"replies":[{"embeddable":true,"href":"https:\/\/www.europesays.com\/ee\/wp-json\/wp\/v2\/comments?post=267343"}],"version-history":[{"count":0,"href":"https:\/\/www.europesays.com\/ee\/wp-json\/wp\/v2\/posts\/267343\/revisions"}],"wp:featuredmedia":[{"embeddable":true,"href":"https:\/\/www.europesays.com\/ee\/wp-json\/wp\/v2\/media\/267344"}],"wp:attachment":[{"href":"https:\/\/www.europesays.com\/ee\/wp-json\/wp\/v2\/media?parent=267343"}],"wp:term":[{"taxonomy":"category","embeddable":true,"href":"https:\/\/www.europesays.com\/ee\/wp-json\/wp\/v2\/categories?post=267343"},{"taxonomy":"post_tag","embeddable":true,"href":"https:\/\/www.europesays.com\/ee\/wp-json\/wp\/v2\/tags?post=267343"}],"curies":[{"name":"wp","href":"https:\/\/api.w.org\/{rel}","templated":true}]}}