{"id":267345,"date":"2026-09-03T08:28:12","date_gmt":"2026-09-03T08:28:12","guid":{"rendered":"https:\/\/www.europesays.com\/ee\/267345\/"},"modified":"2026-09-03T08:28:12","modified_gmt":"2026-09-03T08:28:12","slug":"kuberrunnak-halvas-ida-virumaa-veefirma-serverid","status":"publish","type":"post","link":"https:\/\/www.europesays.com\/ee\/267345\/","title":{"rendered":"K\u00fcberr\u00fcnnak halvas Ida-Virumaa veefirma serverid"},"content":{"rendered":"<p class=\"isSelectedEnd\">J\u00e4rve Biopuhastus (JBP) on Kohtla-J\u00e4rve, J\u00f5hvi ja L\u00fcganuse valla vee-ettev\u00f5te ning elut\u00e4htsa teenuse osutaja, kelle tegevuspiirkonda j\u00e4\u00e4b ka suur osa Ida-Virumaa t\u00f6\u00f6stuspiirkonnast. Ehkki ettevaatlikult ja tehniliste detailide poolest tagasihoidlikult, on veefirma n\u00fc\u00fcd valmis avalikult r\u00e4\u00e4kima aasta alguses juhtunud intsidendist. <\/p>\n<p class=\"isSelectedEnd\"><a rel=\"noopener nofollow\" target=\"_blank\" href=\"https:\/\/www.delfi.ee\/teema\/56938082\/riigi-infosusteemi-amet\" data-rel-date-range=\"[]\">Riigi infos\u00fcsteemi ameti<\/a> (RIA) kriitilise infrastruktuuri k\u00fcberkaitse osakonna juhataja Raimo Peterson t\u00f5des, et elut\u00e4htsate teenuste osutajad, vee-ettev\u00f5tted, elektri- ja sidefirmad, peavad k\u00fcberriskidega \u00fcha sagedamini rinda pistma. Samas on <a rel=\"noopener nofollow\" target=\"_blank\" href=\"https:\/\/www.delfi.ee\/teema\/96864661\/kuberturvalisus-1\" tag-id=\"96864661\">k\u00fcberturvalisuse<\/a> vallas viimastel aastatel k\u00f5vasti arenetud ja valmisolek r\u00fcnnakutele reageerimiseks parem kui varem. <\/p>\n","protected":false},"excerpt":{"rendered":"J\u00e4rve Biopuhastus (JBP) on Kohtla-J\u00e4rve, J\u00f5hvi ja L\u00fcganuse valla vee-ettev\u00f5te ning elut\u00e4htsa teenuse osutaja, kelle tegevuspiirkonda j\u00e4\u00e4b ka&hellip;\n","protected":false},"author":2,"featured_media":267346,"comment_status":"","ping_status":"","sticky":false,"template":"","format":"standard","meta":{"footnotes":"","_share_on_mastodon":"0"},"categories":[14],"tags":[131,130,37,33,35,34,36,2522,33370,15447,766,401,103557,23601],"class_list":["post-267345","post","type-post","status-publish","format-standard","has-post-thumbnail","category-ari","tag-ari","tag-business","tag-ee","tag-eesti","tag-eesti-keel","tag-estonia","tag-estonian","tag-ida-virumaa","tag-jarve-biopuhastus","tag-kriitiline-taristu","tag-kuberrunnak","tag-kuberturvalisus","tag-lunavara","tag-riigi-infosusteemi-amet"],"share_on_mastodon":{"url":"https:\/\/pubeurope.com\/@ee\/117206168786429869","error":""},"_links":{"self":[{"href":"https:\/\/www.europesays.com\/ee\/wp-json\/wp\/v2\/posts\/267345","targetHints":{"allow":["GET"]}}],"collection":[{"href":"https:\/\/www.europesays.com\/ee\/wp-json\/wp\/v2\/posts"}],"about":[{"href":"https:\/\/www.europesays.com\/ee\/wp-json\/wp\/v2\/types\/post"}],"author":[{"embeddable":true,"href":"https:\/\/www.europesays.com\/ee\/wp-json\/wp\/v2\/users\/2"}],"replies":[{"embeddable":true,"href":"https:\/\/www.europesays.com\/ee\/wp-json\/wp\/v2\/comments?post=267345"}],"version-history":[{"count":0,"href":"https:\/\/www.europesays.com\/ee\/wp-json\/wp\/v2\/posts\/267345\/revisions"}],"wp:featuredmedia":[{"embeddable":true,"href":"https:\/\/www.europesays.com\/ee\/wp-json\/wp\/v2\/media\/267346"}],"wp:attachment":[{"href":"https:\/\/www.europesays.com\/ee\/wp-json\/wp\/v2\/media?parent=267345"}],"wp:term":[{"taxonomy":"category","embeddable":true,"href":"https:\/\/www.europesays.com\/ee\/wp-json\/wp\/v2\/categories?post=267345"},{"taxonomy":"post_tag","embeddable":true,"href":"https:\/\/www.europesays.com\/ee\/wp-json\/wp\/v2\/tags?post=267345"}],"curies":[{"name":"wp","href":"https:\/\/api.w.org\/{rel}","templated":true}]}}