{"id":267357,"date":"2026-09-03T08:41:15","date_gmt":"2026-09-03T08:41:15","guid":{"rendered":"https:\/\/www.europesays.com\/ee\/267357\/"},"modified":"2026-09-03T08:41:15","modified_gmt":"2026-09-03T08:41:15","slug":"hambaarstide-infosusteemist-lekkisid-patsientide-terviseandmed-eesti","status":"publish","type":"post","link":"https:\/\/www.europesays.com\/ee\/267357\/","title":{"rendered":"Hambaarstide infos\u00fcsteemist lekkisid patsientide terviseandmed | Eesti"},"content":{"rendered":"<p>Hambaravi osutajatele infos\u00fcsteemi teenust pakkuv ettev\u00f5te Innovaatik teavitas augusti l\u00f5pus politseid, et nende hallatud arvutis\u00fcsteemi on korduvalt ebaseaduslikult sisenetud ja alla laaditud patsientide isikuandmeid, sealhulgas terviseandmeid. Politsei pidas kolmap\u00e4eval kuriteos kahtlustatavana kinni 45-aastase Eesti kodaniku.<\/p>\n<p>Kahtlustataval ei ole enam andmetele ligip\u00e4\u00e4su ja andmete laiem levimine \u00f5nnestus t\u00f5en\u00e4oliselt \u00e4ra hoida, teatasid prokuratuur ja politsei.<\/p>\n<p>Keskkriminaalpolitsei k\u00fcberkuritegude b\u00fcroo juht Jete Luik s\u00f5nas, et p\u00fchap\u00e4evase teate p\u00f5hjal oli tegemist ulatusliku andmelekkega.<\/p>\n<p>&#8220;Alustasime kohe juhtunu uurimist, et v\u00e4lja selgitada andmelekke t\u00e4ielik ulatus ja takistada andmete edasi liikumist,&#8221; s\u00f5nas Luik.<\/p>\n<p>Esialgsel hinnangul puudutas andmeleke \u00fcle 300 Eesti tervishoiuteenuse pakkuja andmeid. Kui paljude patsientide andmed kahtlustatavani j\u00f5udsid, selgitab politsei v\u00e4lja kriminaalmenetluses. Seni kogutud andmetel laaditi Innovaatiku andmebaasist alla muu hulgas patsientide isikukoode, e-posti aadresse ja terviseandmeid. Patsiente teavitab vajadusel tervishoiuteenuse pakkuja ise.\u00a0<\/p>\n<p>Praeguse info p\u00f5hjal tegutses kahtlustatav andmebaasis ebaseaduslikult alates juuni l\u00f5pust. Suurem osa alla laaditud andmetest puudutasid inimeste hambaravi, kuid v\u00f5isid sisaldada ka muud raviajalugu.<\/p>\n<p>&#8220;Kui enamasti r\u00e4\u00e4gime k\u00fcberkuritegude puhul rahvusvahelisest kuritegevusest, siis praegusel juhul tegutses kahtlustatav Eestis. Oleme kindlaks teinud, et mehel oli ettev\u00f5ttega varasem seos ning esialgsel hinnangul oli tema motiiv juhtida t\u00e4helepanu infos\u00fcsteemi turvaaukudele,&#8221; selgitas Luik.<\/p>\n<p>Riigiprokur\u00f6r Vahur Verte s\u00f5nul ei ole kahtlustatav praeguse info kohaselt andmeid kuritarvitanud v\u00f5i kellelegi edastanud.<\/p>\n<p>&#8220;Kannatanu tegutses kiiduv\u00e4\u00e4rselt kiiresti. Juhtumi avastamisel v\u00f5tsid nad kohe politseiga \u00fchendust ja see v\u00f5imaldas meil kiirelt tegutseda ning kahtlustatav kinni pidada. Praeguse uurimisversiooni j\u00e4rgi saime k\u00e4tte k\u00f5ik andmed, mis ebaseaduslikult alla laaditi ning ei ole p\u00f5hjust arvata, et kahtlustatav oleks neid kellegagi jaganud v\u00f5i neist varukoopiaid teinud. Andmete laiem levimine \u00f5nnestus t\u00e4nu kiirele tegutsemisele t\u00f5en\u00e4oliselt \u00e4ra hoida,&#8221; \u00fctles Verte.<\/p>\n<p>Riigiprokur\u00f6r lisas, et inimesel ei ole arsti juures valikut, kas avaldada enda telefoninumber v\u00f5i tervisemure. Inimesed usaldavad\u200b, et nii kohusetundlikult kui arstid inimesi ravivad, niisama hoolega suhtuvad tervishoiuteenuse osutamisega seotud inimesed ja ettev\u00f5tted nende k\u00e4tte usaldatud andmete turvalisusse.<\/p>\n<p>&#8220;Varastatud parooli saab h\u00f5lpsalt uue vastu vahetada, ent kurjategija k\u00e4tte j\u00f5udnud telefoninumbrit, kodust aadressi v\u00f5i raviajalugu ei ole v\u00f5imalik muuta. Delikaatsete andmete v\u00f5\u00f5rastesse k\u00e4tesse sattumisega tekkinud kahju on v\u00e4ga raske v\u00f5i v\u00f5imatu heastada,&#8221; lisas riigiprokur\u00f6r Verte.<\/p>\n<p>K\u00fcberkuritegude b\u00fcroo juhi s\u00f5nul tegutsevad k\u00fcberkurjategijad teadlikult selle suunas, et ligi p\u00e4\u00e4seda \u00fcha tundlikumatele andmetele.<\/p>\n<p>&#8220;Seet\u00f5ttu peavad k\u00fcberturvalisusesse suhtuma eriti vastutustundlikult need ettev\u00f5tted, kes t\u00f6\u00f6tlevad inimeste terviseandmeid,&#8221; lausus Luik.<\/p>\n<p>Selliseid juhtumeid v\u00f5ivad lihtsasti \u00e4ra kasutada ka teised kurjategijad uute kelmusskeemide loomisel.<\/p>\n<p>&#8220;Palume olla t\u00e4helepanelikud, kui teiega v\u00f5etakse andmelekke osas \u00fchendust. Kui keegi n\u00f5uab v\u00e4idetavalt lekkinud andmete eest raha, on see t\u00f5en\u00e4oliselt kelmus,&#8221; \u00fctles Luik.<\/p>\n<p>Kriminaalmenetlust alustati paragrahvi j\u00e4rgi, mis k\u00e4sitleb arvutis\u00fcsteemile ebaseaduslikult juurdep\u00e4\u00e4su hankimist. Kriminaalmenetlust viib l\u00e4bi keskkriminaalpolitsei k\u00fcberkuritegude b\u00fcroo ja juhib riigiprokuratuur.<\/p>\n","protected":false},"excerpt":{"rendered":"Hambaravi osutajatele infos\u00fcsteemi teenust pakkuv ettev\u00f5te Innovaatik teavitas augusti l\u00f5pus politseid, et nende hallatud arvutis\u00fcsteemi on korduvalt ebaseaduslikult&hellip;\n","protected":false},"author":2,"featured_media":267358,"comment_status":"","ping_status":"","sticky":false,"template":"","format":"standard","meta":{"footnotes":"","_share_on_mastodon":"0"},"categories":[12],"tags":[46794,26,27,37,33,35,34,36,31,32,15763,103567,21,103565,103566,28,29,19,353,25,10094,31849,23,24,71741,22,20,30],"class_list":["post-267357","post","type-post","status-publish","format-standard","has-post-thumbnail","category-eesti","tag-andmeleke","tag-breaking-news","tag-breakingnews","tag-ee","tag-eesti","tag-eesti-keel","tag-estonia","tag-estonian","tag-featured-news","tag-featurednews","tag-hambaravi","tag-hambaravi-infosusteem","tag-headlines","tag-innovaatik","tag-innovaatiku-andmebaas","tag-latest-news","tag-latestnews","tag-news","tag-politsei","tag-populaarseimad-lood","tag-prokuratuur","tag-terviseandmed","tag-top-stories","tag-topstories","tag-turvaaugud","tag-uldised-uudised","tag-uudised","tag-viimased-uudised"],"share_on_mastodon":{"url":"https:\/\/pubeurope.com\/@ee\/117206219893884815","error":""},"_links":{"self":[{"href":"https:\/\/www.europesays.com\/ee\/wp-json\/wp\/v2\/posts\/267357","targetHints":{"allow":["GET"]}}],"collection":[{"href":"https:\/\/www.europesays.com\/ee\/wp-json\/wp\/v2\/posts"}],"about":[{"href":"https:\/\/www.europesays.com\/ee\/wp-json\/wp\/v2\/types\/post"}],"author":[{"embeddable":true,"href":"https:\/\/www.europesays.com\/ee\/wp-json\/wp\/v2\/users\/2"}],"replies":[{"embeddable":true,"href":"https:\/\/www.europesays.com\/ee\/wp-json\/wp\/v2\/comments?post=267357"}],"version-history":[{"count":0,"href":"https:\/\/www.europesays.com\/ee\/wp-json\/wp\/v2\/posts\/267357\/revisions"}],"wp:featuredmedia":[{"embeddable":true,"href":"https:\/\/www.europesays.com\/ee\/wp-json\/wp\/v2\/media\/267358"}],"wp:attachment":[{"href":"https:\/\/www.europesays.com\/ee\/wp-json\/wp\/v2\/media?parent=267357"}],"wp:term":[{"taxonomy":"category","embeddable":true,"href":"https:\/\/www.europesays.com\/ee\/wp-json\/wp\/v2\/categories?post=267357"},{"taxonomy":"post_tag","embeddable":true,"href":"https:\/\/www.europesays.com\/ee\/wp-json\/wp\/v2\/tags?post=267357"}],"curies":[{"name":"wp","href":"https:\/\/api.w.org\/{rel}","templated":true}]}}