{"id":267369,"date":"2026-09-03T09:00:15","date_gmt":"2026-09-03T09:00:15","guid":{"rendered":"https:\/\/www.europesays.com\/ee\/267369\/"},"modified":"2026-09-03T09:00:15","modified_gmt":"2026-09-03T09:00:15","slug":"swedbanki-24-lastejooks-toi-taas-staadioni-rahvast-tais","status":"publish","type":"post","link":"https:\/\/www.europesays.com\/ee\/267369\/","title":{"rendered":"Swedbanki 24. lastejooks t\u00f5i taas staadioni rahvast t\u00e4is"},"content":{"rendered":"<p>            <a href=\"https:\/\/online.le.ee\/wp-content\/uploads\/2026\/09\/Swedbanki-lastejooks_-11-Helle-Eisenschmidt.jpg\" data-caption=\"Foto: Helle Eisenschmidt\" rel=\"nofollow noopener\" target=\"_blank\"><img loading=\"lazy\" width=\"696\" height=\"390\" class=\"entry-thumb td-modal-image lazyload\" alt=\"\" title=\"SONY DSC\" src=\"https:\/\/www.europesays.com\/ee\/wp-content\/uploads\/2026\/09\/Swedbanki-lastejooks_-11-Helle-Eisenschmidt-696x390.jpg\" decoding=\"async\"  data- data-eio-rwidth=\"696\" data-eio-rheight=\"390\"\/><\/a>Foto: Helle Eisenschmidt<\/p>\n<p>Kuvatud 3 pilti, galeriis pilte: 60<\/p>\n<p>\u00a0<\/p>\n<p>Soe ilm ja r\u00f5\u00f5mus meeleolu saatsid t\u00e4navust 24. Swedbanki lastejooksu, kus oli taas\u00a0 stardis v\u00e4ga palju lapsi.<\/p>\n<p>V\u00f5isteldi 100m jooksus kuni 4 aastastele lastele ja 200m jooksus kuni 12 aastastele lastele.<\/p>\n<p>K\u00f5ige rahvarohkem oli ka seekord 5\u20136-aast\n\t<\/p>\n<p>Artikli lugemiseks tellige p\u00e4evapilet, digipakett v\u00f5i <a href=\"https:\/\/online.le.ee\/tellimine\/\" rel=\"nofollow noopener\" target=\"_blank\">logige<\/a> sisse!<br \/>\n<a href=\"https:\/\/online.le.ee\/tellimine\" rel=\"attachment wp-att-387649 nofollow noopener\" target=\"_blank\"><img loading=\"lazy\" class=\"aligncenter size-full wp-image-387649 lazyload\" alt=\"\" width=\"688\" height=\"101\" src=\"https:\/\/www.europesays.com\/ee\/wp-content\/uploads\/2026\/09\/1788426015_343_tasuline.png\" decoding=\"async\" data-eio-rwidth=\"700\" data-eio-rheight=\"100\"\/><\/a><\/p>\n<p>Reklaam<\/p>\n<p>                        Eelmine artikkel<a href=\"https:\/\/online.le.ee\/2026\/09\/03\/politsei-mees-kukkus-rattaga\/\" rel=\"nofollow noopener\" target=\"_blank\">Politsei: mees kukkus rattaga<\/a>J\u00e4rgmine artikkel<a href=\"https:\/\/online.le.ee\/2026\/09\/03\/paaste-liivil-poles-kuivati\/\" rel=\"nofollow noopener\" target=\"_blank\">P\u00e4\u00e4ste: Liivil p\u00f5les kuivati<\/a>                                <\/p>\n","protected":false},"excerpt":{"rendered":"Foto: Helle Eisenschmidt Kuvatud 3 pilti, galeriis pilte: 60 \u00a0 Soe ilm ja r\u00f5\u00f5mus meeleolu saatsid t\u00e4navust 24.&hellip;\n","protected":false},"author":2,"featured_media":267370,"comment_status":"","ping_status":"","sticky":false,"template":"","format":"standard","meta":{"footnotes":"","_share_on_mastodon":"0"},"categories":[18],"tags":[37,33,35,34,36,983,103578,159,158,2275],"class_list":["post-267369","post","type-post","status-publish","format-standard","has-post-thumbnail","category-sport","tag-ee","tag-eesti","tag-eesti-keel","tag-estonia","tag-estonian","tag-kergejoustik","tag-lastejooks","tag-sport","tag-sports","tag-swedbank"],"share_on_mastodon":{"url":"https:\/\/pubeurope.com\/@ee\/117206294824604140","error":""},"_links":{"self":[{"href":"https:\/\/www.europesays.com\/ee\/wp-json\/wp\/v2\/posts\/267369","targetHints":{"allow":["GET"]}}],"collection":[{"href":"https:\/\/www.europesays.com\/ee\/wp-json\/wp\/v2\/posts"}],"about":[{"href":"https:\/\/www.europesays.com\/ee\/wp-json\/wp\/v2\/types\/post"}],"author":[{"embeddable":true,"href":"https:\/\/www.europesays.com\/ee\/wp-json\/wp\/v2\/users\/2"}],"replies":[{"embeddable":true,"href":"https:\/\/www.europesays.com\/ee\/wp-json\/wp\/v2\/comments?post=267369"}],"version-history":[{"count":0,"href":"https:\/\/www.europesays.com\/ee\/wp-json\/wp\/v2\/posts\/267369\/revisions"}],"wp:featuredmedia":[{"embeddable":true,"href":"https:\/\/www.europesays.com\/ee\/wp-json\/wp\/v2\/media\/267370"}],"wp:attachment":[{"href":"https:\/\/www.europesays.com\/ee\/wp-json\/wp\/v2\/media?parent=267369"}],"wp:term":[{"taxonomy":"category","embeddable":true,"href":"https:\/\/www.europesays.com\/ee\/wp-json\/wp\/v2\/categories?post=267369"},{"taxonomy":"post_tag","embeddable":true,"href":"https:\/\/www.europesays.com\/ee\/wp-json\/wp\/v2\/tags?post=267369"}],"curies":[{"name":"wp","href":"https:\/\/api.w.org\/{rel}","templated":true}]}}