{"id":267399,"date":"2026-09-03T09:33:22","date_gmt":"2026-09-03T09:33:22","guid":{"rendered":"https:\/\/www.europesays.com\/ee\/267399\/"},"modified":"2026-09-03T09:33:22","modified_gmt":"2026-09-03T09:33:22","slug":"draama-uleminekuturul-rekordmuugi-teinud-chelsea-jai-asendusest-akitselt-ilma-pika-ninaga-jaid-ka-everton-ja-monaco","status":"publish","type":"post","link":"https:\/\/www.europesays.com\/ee\/267399\/","title":{"rendered":"Draama \u00fcleminekuturul: rekordm\u00fc\u00fcgi teinud Chelsea j\u00e4i asendusest \u00e4kitselt ilma, pika ninaga j\u00e4id ka Everton ja Monaco"},"content":{"rendered":"<p>25-aastase poolkaitsja Fernandezi eest k\u00e4is ManCity v\u00e4lja 125 miljonit naela ehk umbes 145,7 miljonit eurot. See t\u00e4histab Inglismaa Premier League\u2019i \u00fcleminekuturu rekordsumma kordamist. Samasuguse summa eest ostis FC Liverpool eelmisel aastal Newcastle Unitedilt rootslasest r\u00fcndaja Alexander Isaki.<\/p>\n<p>Chelsea otsis omakorda keskv\u00e4ljale asendust ning sihiks oli <a rel=\"noopener nofollow\" target=\"_blank\" href=\"https:\/\/www.delfi.ee\/teema\/56938508\/as-monaco\" tag-id=\"56938508\">AS Monaco<\/a> senegallasest m\u00e4ngija Lamine Camara (22). Monaco l\u00fckkas inglaste kaks esimest pakkumist tagasi, vahendas BBC.<\/p>\n<p>Nimelt soovis Prantsusmaa k\u00f5rgliigas m\u00e4ngiv klubi suvel \u00fche suurema m\u00fc\u00fcgi teha, aga nemad t\u00f6\u00f6tasid esialgu peamiselt selle kallal, et ameeriklane Folarin Balogun 40 miljoni naela eest <a rel=\"noopener nofollow\" target=\"_blank\" href=\"https:\/\/www.delfi.ee\/teema\/56940694\/everton\" tag-id=\"56940694\">Evertonile<\/a> m\u00fc\u00fca. 25-aastane USA koondislane, <a rel=\"noopener follow nofollow\" target=\"_blank\" href=\"https:\/\/sport.delfi.ee\/artikkel\/120595216\/fifa-tuhistas-usa-tahtrundaja-mangukeelu-trump-saatis-teele-tanusonad-belglased-laksid-aga-narvi\" data-rel-date-range=\"[]\">kes oli osaline suvise MM-i suurimas skandaalis,<\/a> reisis teisip\u00e4eval Liverpooli. Everton otsis r\u00fcndesse t\u00e4iendust peale seda, kui Guinea-Bissau r\u00fcndaja Beto m\u00fc\u00fcdi 18 miljoni euro eest Itaaliasse Fiorentinasse.<\/p>\n<p>Siis tekkis aga ootamatu tagasil\u00f6\u00f6k, sest Baloguni meditsiinilise kontrolli ajal avastas Evertoni leer m\u00e4ngija osas mingisuguse mure. Seej\u00e4rel otsustas Monaco minna edasi Chelsea ja Camara m\u00fc\u00fcgitehinguga. <\/p>\n<p>Everton proovis omakorda laenata Manchester Unitedist Hollandi r\u00fcndajat Joshua Zirkzee\u2019d, kuid Manchesteri klubi l\u00fckkas pakkumise tagasi. Kuna Everton vajas r\u00fcndesse j\u00f5udu juurde, hakkasid nad taas t\u00f6\u00f6le Baloguni tehingu kallal.<\/p>\n<p>BBC teatel j\u00f5udsidki Monaco ja Everton Baloguni diili osas kokkuleppele. Kuna meditsiinilise kontrolli k\u00e4igus ilmnes \u00fcks mure, lepiti esialgsest 46-miljonilisest eurost veidi v\u00e4iksem summa kokku. Kuna Monaco sai oma soovi ehk \u00fche m\u00fc\u00fcgi (enda arvates) k\u00e4tte, l\u00f5petasid nad viimasel hetkel Camara m\u00fc\u00fcmise Chelseasse. Seega j\u00e4i Chelsea pika ninaga, sest nad ei j\u00f5udnud enam ajaliselt kedagi juurde tuua. <\/p>\n<p>Sky Sportsi ajakirjaniku Kaveh Solhekoli teatel oli Chelsea s\u00fcndmusteahelas v\u00e4ga pettunud. \u201eMinu andmetel oli neil k\u00f5ik tehtud ja allkirjastatud. Ta (Camara) oli juba Londonisse lendamas, aga kui Monaco j\u00f5udis ka Evertoniga kokkuleppele, v\u00f5eti Chelseaga tehtud tehing tagasi,\u201c kirjutas ta. \u201eChelsea ei usu, et \u00fcks klubi peaks niimoodi \u00e4ri ajama. Ilmselt on see risk, millega peab arvestama, kui asjad viimasele hetkele j\u00e4etakse.\u201c<\/p>\n<p>Sellega polnud asjad l\u00f5ppenud ka Evertoni ja Monaco jaoks. Kuigi klubid olid j\u00f5udnud kokkuleppele, m\u00f5tles Balogun ise viimasel hetkel \u00fcmber ning keeldus Liverpooli linna klubiga liitumast. Nii j\u00e4i Monaco ilma \u00fchest suuremast m\u00fc\u00fcgist ja nii Everton kui Chelsea soovitud m\u00e4ngijatest.<\/p>\n<p>Evertonil \u00f5nnestus viimasel p\u00e4eval kaks tehingut siiski veel teha. Senegali \u00e4\u00e4rer\u00fcndaja Iliman Ndiaye m\u00fc\u00fcdi 70 miljoni euro eest Manchester Citysse. Sealt tuli teist hooaega j\u00e4rjest laenulepingu alusel neile nimekas inglane Jack Grealish.<\/p>\n<p>Kuidas see lugu Sind end tundma pani?Saada<a href=\"https:\/\/sport.delfi.ee\/artikkel\/120607868\/draama-uleminekuturul-rekordmuugi-teinud-chelsea-jai-asendust-akitselt-ilma-pika-ninaga-jaid-lopuks-ka-everton-ja-monaco\/kommentaarid\" class=\"button button--primary button--size-auto article-body-bottom__comment article-body-bottom__comment--write\" style=\"\" rel=\"nofollow noopener\" target=\"_blank\">Kommenteeri<\/a><a href=\"https:\/\/sport.delfi.ee\/artikkel\/120607868\/draama-uleminekuturul-rekordmuugi-teinud-chelsea-jai-asendust-akitselt-ilma-pika-ninaga-jaid-lopuks-ka-everton-ja-monaco\/kommentaarid\" class=\"button button--size-auto article-body-bottom__comment article-body-bottom__comment--read\" style=\"\" rel=\"nofollow noopener\" target=\"_blank\">Loe kommentaare (4)<\/a><\/p>\n","protected":false},"excerpt":{"rendered":"25-aastase poolkaitsja Fernandezi eest k\u00e4is ManCity v\u00e4lja 125 miljonit naela ehk umbes 145,7 miljonit eurot. See t\u00e4histab Inglismaa&hellip;\n","protected":false},"author":2,"featured_media":267400,"comment_status":"","ping_status":"","sticky":false,"template":"","format":"standard","meta":{"footnotes":"","_share_on_mastodon":"0"},"categories":[18],"tags":[10038,1098,37,33,35,47409,34,36,802,1614,159,158],"class_list":["post-267399","post","type-post","status-publish","format-standard","has-post-thumbnail","category-sport","tag-as-monaco","tag-chelsea","tag-ee","tag-eesti","tag-eesti-keel","tag-enzo-fernandez","tag-estonia","tag-estonian","tag-everton","tag-manchester-city","tag-sport","tag-sports"],"share_on_mastodon":{"url":"https:\/\/pubeurope.com\/@ee\/117206424062326437","error":""},"_links":{"self":[{"href":"https:\/\/www.europesays.com\/ee\/wp-json\/wp\/v2\/posts\/267399","targetHints":{"allow":["GET"]}}],"collection":[{"href":"https:\/\/www.europesays.com\/ee\/wp-json\/wp\/v2\/posts"}],"about":[{"href":"https:\/\/www.europesays.com\/ee\/wp-json\/wp\/v2\/types\/post"}],"author":[{"embeddable":true,"href":"https:\/\/www.europesays.com\/ee\/wp-json\/wp\/v2\/users\/2"}],"replies":[{"embeddable":true,"href":"https:\/\/www.europesays.com\/ee\/wp-json\/wp\/v2\/comments?post=267399"}],"version-history":[{"count":0,"href":"https:\/\/www.europesays.com\/ee\/wp-json\/wp\/v2\/posts\/267399\/revisions"}],"wp:featuredmedia":[{"embeddable":true,"href":"https:\/\/www.europesays.com\/ee\/wp-json\/wp\/v2\/media\/267400"}],"wp:attachment":[{"href":"https:\/\/www.europesays.com\/ee\/wp-json\/wp\/v2\/media?parent=267399"}],"wp:term":[{"taxonomy":"category","embeddable":true,"href":"https:\/\/www.europesays.com\/ee\/wp-json\/wp\/v2\/categories?post=267399"},{"taxonomy":"post_tag","embeddable":true,"href":"https:\/\/www.europesays.com\/ee\/wp-json\/wp\/v2\/tags?post=267399"}],"curies":[{"name":"wp","href":"https:\/\/api.w.org\/{rel}","templated":true}]}}