{"id":267401,"date":"2026-09-03T09:36:14","date_gmt":"2026-09-03T09:36:14","guid":{"rendered":"https:\/\/www.europesays.com\/ee\/267401\/"},"modified":"2026-09-03T09:36:14","modified_gmt":"2026-09-03T09:36:14","slug":"trump-tegi-ettepaneku-nimetada-hormuzi-vain-umber-trumpi-vainaks","status":"publish","type":"post","link":"https:\/\/www.europesays.com\/ee\/267401\/","title":{"rendered":"Trump tegi ettepaneku nimetada Hormuzi v\u00e4in \u00fcmber \u201eTrumpi v\u00e4inaks\u201c"},"content":{"rendered":"<p>\u201eN\u00fc\u00fcd, mil see on USA kontrolli all, kas me peaksime muutma Hormuzi v\u00e4ina nime Trumpi v\u00e4inaks??? Nagu Ameerika ise, oleks see \u201ekuumem\u201c kui kunagi varem!\u201c kirjutas Trump oma v\u00e4rskes postituses.<\/p>\n<p>Hormuzi v\u00e4in on <a rel=\"noopener nofollow\" target=\"_blank\" href=\"https:\/\/www.delfi.ee\/teema\/24129493\/iraan\" tag-id=\"24129493\">Iraaniga<\/a> piirnev naftatransiidis oluline veetee. L\u00e4bip\u00e4\u00e4s v\u00e4inast on olnud h\u00e4iritud alates Iraani s\u00f5ja algusest selle aasta veebruaris. <\/p>\n<p>M\u00f6\u00f6dunud kuul \u00e4hvardas Trump kuulutada Hormuzi v\u00e4ina USA territooriumiks, kuid \u00e4hvarduse t\u00f5sisus pole teada. Valge Maja k\u00f5rge ametnik vihjas toona, et Trump pole oma n\u00f5unikega sellise sammu arutamiseks kohtunud.<\/p>\n<p>Samuti pole teada, kas Trump suhtub v\u00e4ina v\u00f5imalikku \u00fcmbernimetamisse t\u00f5siselt. K\u00fcll aga on Trump varem lasknud USA geograafiliste nimede andmebaasis \u00fcmber nimetada mitu veekogu. <\/p>\n<p>Eelmisel aastal otsustas Mehhikoga konflikti sattunud Trump nimetada Mehhiko lahe \u201eAmeerika laheks\u201c. Samuti teatas Trump hiljuti otsusest nimetada Ontario j\u00e4rv \u201eAmeerika j\u00e4rveks\u201c keset eskaleerunud kaubanduss\u00f5da Kanadaga.<\/p>\n<p>Kuidas see lugu Sind end tundma pani?Saada<a href=\"https:\/\/www.delfi.ee\/artikkel\/120607992\/trump-tegi-ettepaneku-nimetada-hormuzi-vain-umber-trumpi-vainaks\/kommentaarid\" class=\"button button--primary button--size-auto article-body-bottom__comment article-body-bottom__comment--write\" style=\"\" rel=\"nofollow noopener\" target=\"_blank\">Kommenteeri<\/a><a href=\"https:\/\/www.delfi.ee\/artikkel\/120607992\/trump-tegi-ettepaneku-nimetada-hormuzi-vain-umber-trumpi-vainaks\/kommentaarid\" class=\"button button--size-auto article-body-bottom__comment article-body-bottom__comment--read\" style=\"\" rel=\"nofollow noopener\" target=\"_blank\">Loe kommentaare (76)<\/a><\/p>\n","protected":false},"excerpt":{"rendered":"\u201eN\u00fc\u00fcd, mil see on USA kontrolli all, kas me peaksime muutma Hormuzi v\u00e4ina nime Trumpi v\u00e4inaks??? Nagu Ameerika&hellip;\n","protected":false},"author":2,"featured_media":267402,"comment_status":"","ping_status":"","sticky":false,"template":"","format":"standard","meta":{"footnotes":"","_share_on_mastodon":"0"},"categories":[80],"tags":[26,27,324,37,33,35,34,36,31,32,21,46527,1925,28,29,95,19,25,23,24,22,325,20,30,92,93,94],"class_list":["post-267401","post","type-post","status-publish","format-standard","has-post-thumbnail","category-maailm","tag-breaking-news","tag-breakingnews","tag-donald-trump","tag-ee","tag-eesti","tag-eesti-keel","tag-estonia","tag-estonian","tag-featured-news","tag-featurednews","tag-headlines","tag-hormuzi-vain","tag-iraan","tag-latest-news","tag-latestnews","tag-maailm","tag-news","tag-populaarseimad-lood","tag-top-stories","tag-topstories","tag-uldised-uudised","tag-usa","tag-uudised","tag-viimased-uudised","tag-world","tag-world-news","tag-worldnews"],"share_on_mastodon":{"url":"https:\/\/pubeurope.com\/@ee\/117206435954599647","error":""},"_links":{"self":[{"href":"https:\/\/www.europesays.com\/ee\/wp-json\/wp\/v2\/posts\/267401","targetHints":{"allow":["GET"]}}],"collection":[{"href":"https:\/\/www.europesays.com\/ee\/wp-json\/wp\/v2\/posts"}],"about":[{"href":"https:\/\/www.europesays.com\/ee\/wp-json\/wp\/v2\/types\/post"}],"author":[{"embeddable":true,"href":"https:\/\/www.europesays.com\/ee\/wp-json\/wp\/v2\/users\/2"}],"replies":[{"embeddable":true,"href":"https:\/\/www.europesays.com\/ee\/wp-json\/wp\/v2\/comments?post=267401"}],"version-history":[{"count":0,"href":"https:\/\/www.europesays.com\/ee\/wp-json\/wp\/v2\/posts\/267401\/revisions"}],"wp:featuredmedia":[{"embeddable":true,"href":"https:\/\/www.europesays.com\/ee\/wp-json\/wp\/v2\/media\/267402"}],"wp:attachment":[{"href":"https:\/\/www.europesays.com\/ee\/wp-json\/wp\/v2\/media?parent=267401"}],"wp:term":[{"taxonomy":"category","embeddable":true,"href":"https:\/\/www.europesays.com\/ee\/wp-json\/wp\/v2\/categories?post=267401"},{"taxonomy":"post_tag","embeddable":true,"href":"https:\/\/www.europesays.com\/ee\/wp-json\/wp\/v2\/tags?post=267401"}],"curies":[{"name":"wp","href":"https:\/\/api.w.org\/{rel}","templated":true}]}}