{"id":267411,"date":"2026-09-03T09:46:17","date_gmt":"2026-09-03T09:46:17","guid":{"rendered":"https:\/\/www.europesays.com\/ee\/267411\/"},"modified":"2026-09-03T09:46:17","modified_gmt":"2026-09-03T09:46:17","slug":"koige-kesisem-palgatous-oli-polva-ja-valgamaal-louna-eesti-postimees","status":"publish","type":"post","link":"https:\/\/www.europesays.com\/ee\/267411\/","title":{"rendered":"K\u00f5ige kesisem palgat\u00f5us oli P\u00f5lva- ja Valgamaal &#8211; L\u00f5una-Eesti Postimees"},"content":{"rendered":"<ol>\n<li><a href=\"https:\/\/news.google.com\/rss\/articles\/CBMilAFBVV95cUxPUmYxSmw3UUtWQjhJSkk0cEtaQ0g0ZXVOMEg0c0pibzlkWlJ0NGFqLXFTUVBLMjg0eUxLazQ2Um5JSmVhdW52cHVWZjJLdkhzYkRWRTBNQlR6d1dZZ2VlWmh4MXlMZk1Ic1VHdFA1c1F5Tkl1aTVvZ3BsNUZ3LVBqSEROeGEtTGZza0NVMFZlMl9VdHBj?oc=5\" target=\"_blank\" rel=\"nofollow noopener\">K\u00f5ige kesisem palgat\u00f5us oli P\u00f5lva- ja Valgamaal<\/a>&nbsp;&nbsp;L\u00f5una-Eesti Postimees<\/li>\n<li><a href=\"https:\/\/news.google.com\/rss\/articles\/CBMif0FVX3lxTE9veElzUy1hOS1hS2FjQ0d6MFJIZXNWbVN6UmM1SlE5SnNYVWp3bFRISWEtalJ3dFZEZ04zcGRNOVBBNWExVlpmUXlGZzJSSllkMFdUNENxUFdDNnl4ckZaQlNDUDZuOU8zU1pMRGcwM3NhZndiU0tuaVhsU2JSRHc?oc=5\" target=\"_blank\" rel=\"nofollow noopener\">Keskmine palk kerkis 2243 euroni<\/a>&nbsp;&nbsp;\u00c4rip\u00e4ev<\/li>\n<li><a href=\"https:\/\/news.google.com\/rss\/articles\/CBMiwwFBVV95cUxQUVhTcEdpWG9nd2NuYVU4R0FhbXVRSG9ZdVFyRU1GOVBIdGVBYzVqOGNVYVlBTEFFc3E4NUlqVS1SSG1rekQ0bUxNMDRoNHEtT2R6R3F4c0U4bDhWd0RmWXlTbGVLazRmQm41eWc0OXREZU1jc3FMNVkwblFqQU1tVkU4cVhmRHhOMWc1d0N6NWtPYk1fYTZBTTNmRTgwTm9ZbEJJV2tON2daVGM3cll4Q25hVUI4RzN2TUNUaHZnQ1JLWEU?oc=5\" target=\"_blank\" rel=\"nofollow noopener\">Info ja side palgakasv aeglustus taas, enamik sektoreid n\u00e4itab kiiremat kasvu<\/a>&nbsp;&nbsp;\u00c4ritehnoloogia<\/li>\n<li><a href=\"https:\/\/news.google.com\/rss\/articles\/CBMitAFBVV95cUxPbGl0bkZtMjlNSXFILTFmV2VHeWJyeDREN0VxOUZldndpZXMyM1B3Z1lLMnhldm96aUxydlQwZHVqQlY1b05HYXNHN01iLS1XWnZ4VGN3akpmcWdqeW9rRjJFX0tMSmdKOHVuUHdEdU9NR21ObDk5bjNfY2phV2pLTkYyM3o5U3FVOHNna19mQVFwR3pYNm80Q29kWDNPMVdwQzd2d2dVUW40bWhLNFFVYVJGOVg?oc=5\" target=\"_blank\" rel=\"nofollow noopener\">Statistikaamet: Keskmine brutopalk oli teises kvartalis 2243 eurot, mediaanpalk 1840 eurot<\/a>&nbsp;&nbsp;L\u00f5unaeestlane<\/li>\n<\/ol>\n","protected":false},"excerpt":{"rendered":"K\u00f5ige kesisem palgat\u00f5us oli P\u00f5lva- ja Valgamaal&nbsp;&nbsp;L\u00f5una-Eesti Postimees Keskmine palk kerkis 2243 euroni&nbsp;&nbsp;\u00c4rip\u00e4ev Info ja side palgakasv aeglustus&hellip;\n","protected":false},"author":2,"featured_media":267412,"comment_status":"","ping_status":"","sticky":false,"template":"","format":"standard","meta":{"footnotes":"","_share_on_mastodon":"0"},"categories":[14],"tags":[131,130,37,33,35,34,36,14908,1968],"class_list":["post-267411","post","type-post","status-publish","format-standard","has-post-thumbnail","category-ari","tag-ari","tag-business","tag-ee","tag-eesti","tag-eesti-keel","tag-estonia","tag-estonian","tag-keskmine-palk","tag-palgakasv"],"share_on_mastodon":{"url":"https:\/\/pubeurope.com\/@ee\/117206475560866266","error":""},"_links":{"self":[{"href":"https:\/\/www.europesays.com\/ee\/wp-json\/wp\/v2\/posts\/267411","targetHints":{"allow":["GET"]}}],"collection":[{"href":"https:\/\/www.europesays.com\/ee\/wp-json\/wp\/v2\/posts"}],"about":[{"href":"https:\/\/www.europesays.com\/ee\/wp-json\/wp\/v2\/types\/post"}],"author":[{"embeddable":true,"href":"https:\/\/www.europesays.com\/ee\/wp-json\/wp\/v2\/users\/2"}],"replies":[{"embeddable":true,"href":"https:\/\/www.europesays.com\/ee\/wp-json\/wp\/v2\/comments?post=267411"}],"version-history":[{"count":0,"href":"https:\/\/www.europesays.com\/ee\/wp-json\/wp\/v2\/posts\/267411\/revisions"}],"wp:featuredmedia":[{"embeddable":true,"href":"https:\/\/www.europesays.com\/ee\/wp-json\/wp\/v2\/media\/267412"}],"wp:attachment":[{"href":"https:\/\/www.europesays.com\/ee\/wp-json\/wp\/v2\/media?parent=267411"}],"wp:term":[{"taxonomy":"category","embeddable":true,"href":"https:\/\/www.europesays.com\/ee\/wp-json\/wp\/v2\/categories?post=267411"},{"taxonomy":"post_tag","embeddable":true,"href":"https:\/\/www.europesays.com\/ee\/wp-json\/wp\/v2\/tags?post=267411"}],"curies":[{"name":"wp","href":"https:\/\/api.w.org\/{rel}","templated":true}]}}