{"id":267413,"date":"2026-09-03T09:47:16","date_gmt":"2026-09-03T09:47:16","guid":{"rendered":"https:\/\/www.europesays.com\/ee\/267413\/"},"modified":"2026-09-03T09:47:16","modified_gmt":"2026-09-03T09:47:16","slug":"norra-arestis-ukraina-firma-noude-tagamiseks-vene-laeva-valismaa","status":"publish","type":"post","link":"https:\/\/www.europesays.com\/ee\/267413\/","title":{"rendered":"Norra arestis Ukraina firma n\u00f5ude tagamiseks Vene laeva | V\u00e4lismaa"},"content":{"rendered":"<p>Norra arestis Ukraina riikliku ettev\u00f5tte Naftogaz taotlusel Teravm\u00e4gedel asunud Vene laeva, et tagada sellega Venemaa kohustuste t\u00e4itmine, mis tekkisid Ukrainale kuuluva Krimmi annekteerimisel.<\/p>\n<p>Ukraina riigile kuuluv ettev\u00f5te on alates 2016. aastast Venemaa vastu kohut k\u00e4inud, et saada h\u00fcvitist Krimmi j\u00e4\u00e4nud Naftogazi varade sundv\u00f5\u00f5randamise eest p\u00e4rast poolsaare annekteerimist 2014. aastal.<\/p>\n<p>Haagi vahekohus kohustas Venemaad 2023. aasta aprillis maksma Naftogazile Krimmis konfiskeeritud varade eest h\u00fcvitiseks 4,22 miljardit dollarit, millele lisanduvad intressid ja kohtukulud. Moskva ei ole seda kohustust t\u00e4itnud.<\/p>\n<p>Naftogazi teatel andis laeva arestimiseks 31. augustil korralduse Norra p\u00f5hjaosas asuva P\u00f5hja-Tromsi ja Senja ringkonnakohus. Ettev\u00f5tte s\u00f5nul kuulus laev Professor Molt\u0161anov Venemaale ning seda kasutati kommertsekspeditsioonideks, sealhulgas Norrale kuuluvas Teravm\u00e4gede saarestikus.<\/p>\n<p>&#8220;Venemaa ei saa vastutusest p\u00e4\u00e4seda lihtsalt sellega, et keeldub rahvusvahelise vahekohtu otsust t\u00e4itmast,&#8221; \u00fctles Naftogazi tegevjuhi kohuset\u00e4itja Sergii Fedorenko.<\/p>\n<p>Kohtu korralduse kohaselt ei tohi laev oma praegusest asukohast Barentsburgis lahkuda. Teravm\u00e4gede kuberner peab v\u00f5tma vajalikud meetmed, et takistada laeva liigutamist.<\/p>\n<p>Kuberneri kantselei teatas, et laev arestiti kolmap\u00e4eval ning seda hoitakse saarestikus seni, kuni kohus otsustab teisiti.<\/p>\n<p>&#8220;J\u00e4tkame Venemaa varade otsimist ja nende suhtes meetmete rakendamist kogu maailmas, kuni Naftogazile ja teistele Naftogazi kontserni ettev\u00f5tetele m\u00e4\u00e4ratud h\u00fcvitis on tasutud,&#8221; teatas ettev\u00f5te.<\/p>\n<p>Naftogaz on \u00f6elnud, et koordineerib t\u00e4itemeetmeid mitmes jurisdiktsioonis, sealhulgas Ameerika \u00dchendriikides, Prantsusmaal, Suurbritannias ja Soomes, kus Venemaa varad on k\u00fclmutatud.<\/p>\n<p>Venemaa teatas, et kaebab menetluse edasi, v\u00e4ites, et talle ei antud sellest n\u00f5uetekohaselt teada.<\/p>\n<p>Venemaa v\u00e4lisministeeriumi ametlik esindaja Maria Zahharova \u00fctles kolmap\u00e4eval, et laeva arestimisele j\u00e4rgneb kohane reaktsioon.<\/p>\n<p>Professor Molt\u0161anovi kodusadam on Arhangelsk. Alates 2025. aasta juunist teeb laev regulaarseid kauba- ja reisijateveoreise Murmanskist Barentsburgi.<\/p>\n","protected":false},"excerpt":{"rendered":"Norra arestis Ukraina riikliku ettev\u00f5tte Naftogaz taotlusel Teravm\u00e4gedel asunud Vene laeva, et tagada sellega Venemaa kohustuste t\u00e4itmine, mis&hellip;\n","protected":false},"author":2,"featured_media":267414,"comment_status":"","ping_status":"","sticky":false,"template":"","format":"standard","meta":{"footnotes":"","_share_on_mastodon":"0"},"categories":[80],"tags":[103584,26,27,37,33,35,34,36,31,32,21,34807,28,29,95,88181,19,1437,25,23,24,22,20,103585,30,92,93,94],"class_list":["post-267413","post","type-post","status-publish","format-standard","has-post-thumbnail","category-maailm","tag-arestimine","tag-breaking-news","tag-breakingnews","tag-ee","tag-eesti","tag-eesti-keel","tag-estonia","tag-estonian","tag-featured-news","tag-featurednews","tag-headlines","tag-krimmi-annekteerimine","tag-latest-news","tag-latestnews","tag-maailm","tag-naftogaz","tag-news","tag-norra","tag-populaarseimad-lood","tag-top-stories","tag-topstories","tag-uldised-uudised","tag-uudised","tag-vene-laev","tag-viimased-uudised","tag-world","tag-world-news","tag-worldnews"],"share_on_mastodon":{"url":"https:\/\/pubeurope.com\/@ee\/117206479377465855","error":""},"_links":{"self":[{"href":"https:\/\/www.europesays.com\/ee\/wp-json\/wp\/v2\/posts\/267413","targetHints":{"allow":["GET"]}}],"collection":[{"href":"https:\/\/www.europesays.com\/ee\/wp-json\/wp\/v2\/posts"}],"about":[{"href":"https:\/\/www.europesays.com\/ee\/wp-json\/wp\/v2\/types\/post"}],"author":[{"embeddable":true,"href":"https:\/\/www.europesays.com\/ee\/wp-json\/wp\/v2\/users\/2"}],"replies":[{"embeddable":true,"href":"https:\/\/www.europesays.com\/ee\/wp-json\/wp\/v2\/comments?post=267413"}],"version-history":[{"count":0,"href":"https:\/\/www.europesays.com\/ee\/wp-json\/wp\/v2\/posts\/267413\/revisions"}],"wp:featuredmedia":[{"embeddable":true,"href":"https:\/\/www.europesays.com\/ee\/wp-json\/wp\/v2\/media\/267414"}],"wp:attachment":[{"href":"https:\/\/www.europesays.com\/ee\/wp-json\/wp\/v2\/media?parent=267413"}],"wp:term":[{"taxonomy":"category","embeddable":true,"href":"https:\/\/www.europesays.com\/ee\/wp-json\/wp\/v2\/categories?post=267413"},{"taxonomy":"post_tag","embeddable":true,"href":"https:\/\/www.europesays.com\/ee\/wp-json\/wp\/v2\/tags?post=267413"}],"curies":[{"name":"wp","href":"https:\/\/api.w.org\/{rel}","templated":true}]}}