{"id":267419,"date":"2026-09-03T09:55:14","date_gmt":"2026-09-03T09:55:14","guid":{"rendered":"https:\/\/www.europesays.com\/ee\/267419\/"},"modified":"2026-09-03T09:55:14","modified_gmt":"2026-09-03T09:55:14","slug":"station-narval-esinevad-rita-ray-ja-robert-linna-tegid-uksteisele-komplimente","status":"publish","type":"post","link":"https:\/\/www.europesays.com\/ee\/267419\/","title":{"rendered":"Station Narval esinevad Rita Ray ja Robert Linna tegid \u00fcksteisele komplimente"},"content":{"rendered":"<p>3.\u20136. septembrini peetava muusika- ja linnafestivali Station Narva avab neljap\u00e4eval, 3. septembril Narva kultuurimaja Rugodiv suures saalis kontsert \u00abEesti gruuv\u00bb. Sellel teemal k\u00e4isid 2. septembril Kanal 2 saates <a target=\"_blank\" rel=\"noopener noreferrer nofollow\" href=\"https:\/\/duoplay.ee\/9644\/telehommik?ep=492\">\u00abTelehommik\u00bb<\/a> r\u00e4\u00e4kimas Rita Ray, Robert Linna ja Estonian Funk Embassy juht Henrik Ehte.<\/p>\n<p>Milline lavapartner ja kaasartist Rita Ray Robert Linna hinnangul on?<\/p>\n<p>\u00abTegelikult mul on ainult kiidus\u00f5nu \u00f6elda. Me ju k\u00f5ik n\u00e4eme k\u00f5rvalt, millise arengu viimase viie aasta jooksul Kristi (Rita Ray kodanikunimi on Kristi Raias \u2013 toim) on sooloartistina teinud. K\u00f5ik esinemised, mis tal on, tundub, et l\u00e4hevad aina suuremaks ja paremaks,\u00bb \u00fctles Robert ja lisas, et naise p\u00f5hjalikkus ja t\u00f6\u00f6kus on talle kui laisale inimesele inspiratsiooniks.<\/p>\n<p>Rita Ray \u00fctles vastu, et tema ja Roberti koost\u00f6\u00f6 algas juba tema esimese albumi tegemise ajal.<\/p>\n<p>\u00abRobi on olnud m\u00f5lema [albumi] loomingulise protsessi juures ka kohal, aidanud kujundada saunde ja k\u00f5iki partiisid. Nii et Robil on minu arust teadmised muusikast, mida ma ei tea, kas kellelgi Eestis siin on. Ja lisaks sellele&#8230; Kui ma alustasin lavateekonda, siis esimesed sammud ja esinemised olid alguses ikka \u00fcpriski jubedad. Robi on alati olnud selline tugev Kalevipoeg, kes on minu k\u00f5rval ja ma tean, et ma saan talle loota isegi, kui mul endal midagi vussi l\u00e4heb,\u00bb \u00fctles naine ja kiitis mehe vokaali, lavalist karismat ja sarmi.<\/p>\n<p>\u00abEesti gruuvi\u00bb kontsertkava nimetab Robert ajatuks muusikaks, mis paneb pea ja puusad liikuma ning hinge helisema.<\/p>\n<p>Samuti saates k\u00fclas k\u00e4inud Estonian Funk Embassy juht Henrik Ehte on heas m\u00f5ttes s\u00fc\u00fcdi selles, et vana head Eesti gruuvi noorteni uuesti tuuakse ja tutvustatakse.<\/p>\n<p>Vaata l\u00e4hemalt \u00abTelehommikust\u00bb alates 1:46.00:<\/p>\n","protected":false},"excerpt":{"rendered":"3.\u20136. septembrini peetava muusika- ja linnafestivali Station Narva avab neljap\u00e4eval, 3. septembril Narva kultuurimaja Rugodiv suures saalis kontsert&hellip;\n","protected":false},"author":2,"featured_media":267420,"comment_status":"","ping_status":"","sticky":false,"template":"","format":"standard","meta":{"footnotes":"","_share_on_mastodon":"0"},"categories":[16],"tags":[37,33,101925,35,173,34,36,52897,52898,140,70151,23438,10707,102745,15469],"class_list":["post-267419","post","type-post","status-publish","format-standard","has-post-thumbnail","category-meelelahutus","tag-ee","tag-eesti","tag-eesti-gruuv","tag-eesti-keel","tag-entertainment","tag-estonia","tag-estonian","tag-estonian-funk-embassy","tag-henrik-ehte","tag-meelelahutus","tag-narva-kultuurimaja-rugodiv","tag-rita-ray","tag-robert-linna","tag-station-narva-2026","tag-telehommik"],"share_on_mastodon":{"url":"https:\/\/pubeurope.com\/@ee\/117206510924020601","error":""},"_links":{"self":[{"href":"https:\/\/www.europesays.com\/ee\/wp-json\/wp\/v2\/posts\/267419","targetHints":{"allow":["GET"]}}],"collection":[{"href":"https:\/\/www.europesays.com\/ee\/wp-json\/wp\/v2\/posts"}],"about":[{"href":"https:\/\/www.europesays.com\/ee\/wp-json\/wp\/v2\/types\/post"}],"author":[{"embeddable":true,"href":"https:\/\/www.europesays.com\/ee\/wp-json\/wp\/v2\/users\/2"}],"replies":[{"embeddable":true,"href":"https:\/\/www.europesays.com\/ee\/wp-json\/wp\/v2\/comments?post=267419"}],"version-history":[{"count":0,"href":"https:\/\/www.europesays.com\/ee\/wp-json\/wp\/v2\/posts\/267419\/revisions"}],"wp:featuredmedia":[{"embeddable":true,"href":"https:\/\/www.europesays.com\/ee\/wp-json\/wp\/v2\/media\/267420"}],"wp:attachment":[{"href":"https:\/\/www.europesays.com\/ee\/wp-json\/wp\/v2\/media?parent=267419"}],"wp:term":[{"taxonomy":"category","embeddable":true,"href":"https:\/\/www.europesays.com\/ee\/wp-json\/wp\/v2\/categories?post=267419"},{"taxonomy":"post_tag","embeddable":true,"href":"https:\/\/www.europesays.com\/ee\/wp-json\/wp\/v2\/tags?post=267419"}],"curies":[{"name":"wp","href":"https:\/\/api.w.org\/{rel}","templated":true}]}}