{"id":267421,"date":"2026-09-03T09:56:13","date_gmt":"2026-09-03T09:56:13","guid":{"rendered":"https:\/\/www.europesays.com\/ee\/267421\/"},"modified":"2026-09-03T09:56:13","modified_gmt":"2026-09-03T09:56:13","slug":"kaugushuppe-olumpiavoitja-paases-hirmutavast-avariist-suuremate-traumadeta-kergejoustik","status":"publish","type":"post","link":"https:\/\/www.europesays.com\/ee\/267421\/","title":{"rendered":"Kaugush\u00fcppe ol\u00fcmpiav\u00f5itja p\u00e4\u00e4ses hirmutavast avariist suuremate traumadeta | Kergej\u00f5ustik"},"content":{"rendered":"<p>Kaugush\u00fcppe ol\u00fcmpiav\u00f5itja ja valitsev maailmameister Tara Davis-Woodhall sattus eelmisel n\u00e4dalal autoavariisse ja tema osalemine hooaja \u00fchel t\u00e4htsamal j\u00f5uproovil on lahtluse all.<\/p>\n<p>27-aastane ameeriklanna elas \u00fcle hirmu\u00e4ratava s\u00fcndmuse, sest istus autos, mis osales laupkokkup\u00f5rkes. M\u00f5lemad masinad liikusid umbes 20 miili ehk pisut \u00fcle 32 kilomeetri tunnis. Ta sai t\u00f5siselt p\u00f5rutada, aga hullemast p\u00e4\u00e4ses.<\/p>\n<p>J\u00e4rgmise n\u00e4dala l\u00f5pus toimub Ultimate Championships ehk esimest korda kavas olev hooaega l\u00f5petav kutsetega tipps\u00fcndmus, kus ka t\u00e4navu isikliku rekordi 7.20 peale viinud Davis-Woodhall plaanis osaleda.<\/p>\n<p>&#8220;\u00d5nneks p\u00e4\u00e4sesin suuremate vigastusteta,&#8221; kirjutas ta \u00fchismeedias. &#8220;Praegu t\u00f6\u00f6tan koos oma taustatiimi ja arstidega, et terveks saada, kuid ma pole kindel, kas olen valmis j\u00e4rgmisel n\u00e4dalal toimuval Ultimate meistriv\u00f5istlustel v\u00f5istlema.&#8221;<\/p>\n<p>Davis-Woodhall lisas, et tema traumad ei ole eluohtlikud, kuigi m\u00f5lemad avariis osalenuda autod l\u00e4ksid mahakandmisele. &#8220;See on t\u00f5esti kahetsusv\u00e4\u00e4rne ajastus, olen praegu oma tippvormis,&#8221; j\u00e4tkas ta. &#8220;Ma olen oma parima kiiruse ja tugevuse juures. Seega on see otsus minu jaoks v\u00e4ga raske. Ma ei tea, kus ma praegu asun.&#8221;<\/p>\n<p>Septembris Budapestis esimest korda toimuv Ultimate Championship erineb tavap\u00e4rastest kergej\u00f5ustiku tiitliv\u00f5istlustest mitmel moel. Korraldajad <a href=\"https:\/\/sport.err.ee\/1610084818\/uus-kergejoustiku-suursundmus-toob-kaasa-mitu-muudatust\" target=\"_blank\" rel=\"noopener nofollow\">lubavad<\/a> uuendusi nii v\u00f5istluse \u00fclesehituses, tele\u00fclekannetes kui ka sportlaste ja pealtvaatajate kogemuses.<\/p>\n","protected":false},"excerpt":{"rendered":"Kaugush\u00fcppe ol\u00fcmpiav\u00f5itja ja valitsev maailmameister Tara Davis-Woodhall sattus eelmisel n\u00e4dalal autoavariisse ja tema osalemine hooaja \u00fchel t\u00e4htsamal j\u00f5uproovil&hellip;\n","protected":false},"author":2,"featured_media":267422,"comment_status":"","ping_status":"","sticky":false,"template":"","format":"standard","meta":{"footnotes":"","_share_on_mastodon":"0"},"categories":[18],"tags":[7088,37,33,35,34,36,33115,159,158,103531],"class_list":["post-267421","post","type-post","status-publish","format-standard","has-post-thumbnail","category-sport","tag-avarii","tag-ee","tag-eesti","tag-eesti-keel","tag-estonia","tag-estonian","tag-kaugushupe","tag-sport","tag-sports","tag-tara-davis-woodhall"],"share_on_mastodon":{"url":"https:\/\/pubeurope.com\/@ee\/117206514671845544","error":""},"_links":{"self":[{"href":"https:\/\/www.europesays.com\/ee\/wp-json\/wp\/v2\/posts\/267421","targetHints":{"allow":["GET"]}}],"collection":[{"href":"https:\/\/www.europesays.com\/ee\/wp-json\/wp\/v2\/posts"}],"about":[{"href":"https:\/\/www.europesays.com\/ee\/wp-json\/wp\/v2\/types\/post"}],"author":[{"embeddable":true,"href":"https:\/\/www.europesays.com\/ee\/wp-json\/wp\/v2\/users\/2"}],"replies":[{"embeddable":true,"href":"https:\/\/www.europesays.com\/ee\/wp-json\/wp\/v2\/comments?post=267421"}],"version-history":[{"count":0,"href":"https:\/\/www.europesays.com\/ee\/wp-json\/wp\/v2\/posts\/267421\/revisions"}],"wp:featuredmedia":[{"embeddable":true,"href":"https:\/\/www.europesays.com\/ee\/wp-json\/wp\/v2\/media\/267422"}],"wp:attachment":[{"href":"https:\/\/www.europesays.com\/ee\/wp-json\/wp\/v2\/media?parent=267421"}],"wp:term":[{"taxonomy":"category","embeddable":true,"href":"https:\/\/www.europesays.com\/ee\/wp-json\/wp\/v2\/categories?post=267421"},{"taxonomy":"post_tag","embeddable":true,"href":"https:\/\/www.europesays.com\/ee\/wp-json\/wp\/v2\/tags?post=267421"}],"curies":[{"name":"wp","href":"https:\/\/api.w.org\/{rel}","templated":true}]}}