{"id":267435,"date":"2026-09-03T10:08:17","date_gmt":"2026-09-03T10:08:17","guid":{"rendered":"https:\/\/www.europesays.com\/ee\/267435\/"},"modified":"2026-09-03T10:08:17","modified_gmt":"2026-09-03T10:08:17","slug":"eestis-vois-suurema-karata-sirguda-kaks-uut-ukssarvikut-kavatseme-saada-veel-vaartuslikumaks","status":"publish","type":"post","link":"https:\/\/www.europesays.com\/ee\/267435\/","title":{"rendered":"Eestis v\u00f5is suurema k\u00e4rata sirguda kaks uut \u00fckssarvikut. \u201cKavatseme saada veel v\u00e4\u00e4rtuslikumaks!\u201d"},"content":{"rendered":"<p>Kuigi Eesti idufirmade andmebaasides on loetletud k\u00fcmme \u00fckssarvikut, annavad viimased rahastusvoorud p\u00f5hjust r\u00e4\u00e4kida \u00fcha kindlamas k\u00f5neviisis kahest uuest miljardilise turuv\u00e4\u00e4rtusega firmast.<\/p>\n<p><a href=\"#paywall\">Tellijana<\/a> saad artiklit lugedes teada:<\/p>\n<ul>\n<li>mille p\u00f5hjal peavad anal\u00fc\u00fctikud Skeletonit ja Starshipi v\u00f5imalikeks uuteks Eesti \u00fckssarvikuteks;<\/li>\n<li>kuidas kommenteeris Ahti Heinla Starshipi v\u00f5imalikku miljardiv\u00e4\u00e4rtust ja kui k\u00f5rgele ta ettev\u00f5tte sihi seab;<\/li>\n<li>miks ei kiirusta Startup Estonia Vaido Mikheimi s\u00f5nul kahte firmat veel ametlikult \u00fckssarvikuteks nimetama.<\/li>\n<\/ul>\n","protected":false},"excerpt":{"rendered":"Kuigi Eesti idufirmade andmebaasides on loetletud k\u00fcmme \u00fckssarvikut, annavad viimased rahastusvoorud p\u00f5hjust r\u00e4\u00e4kida \u00fcha kindlamas k\u00f5neviisis kahest uuest&hellip;\n","protected":false},"author":2,"featured_media":267436,"comment_status":"","ping_status":"","sticky":false,"template":"","format":"standard","meta":{"footnotes":"","_share_on_mastodon":"0"},"categories":[14],"tags":[131,130,37,33,35,34,36],"class_list":["post-267435","post","type-post","status-publish","format-standard","has-post-thumbnail","category-ari","tag-ari","tag-business","tag-ee","tag-eesti","tag-eesti-keel","tag-estonia","tag-estonian"],"share_on_mastodon":{"url":"https:\/\/pubeurope.com\/@ee\/117206561906403386","error":""},"_links":{"self":[{"href":"https:\/\/www.europesays.com\/ee\/wp-json\/wp\/v2\/posts\/267435","targetHints":{"allow":["GET"]}}],"collection":[{"href":"https:\/\/www.europesays.com\/ee\/wp-json\/wp\/v2\/posts"}],"about":[{"href":"https:\/\/www.europesays.com\/ee\/wp-json\/wp\/v2\/types\/post"}],"author":[{"embeddable":true,"href":"https:\/\/www.europesays.com\/ee\/wp-json\/wp\/v2\/users\/2"}],"replies":[{"embeddable":true,"href":"https:\/\/www.europesays.com\/ee\/wp-json\/wp\/v2\/comments?post=267435"}],"version-history":[{"count":0,"href":"https:\/\/www.europesays.com\/ee\/wp-json\/wp\/v2\/posts\/267435\/revisions"}],"wp:featuredmedia":[{"embeddable":true,"href":"https:\/\/www.europesays.com\/ee\/wp-json\/wp\/v2\/media\/267436"}],"wp:attachment":[{"href":"https:\/\/www.europesays.com\/ee\/wp-json\/wp\/v2\/media?parent=267435"}],"wp:term":[{"taxonomy":"category","embeddable":true,"href":"https:\/\/www.europesays.com\/ee\/wp-json\/wp\/v2\/categories?post=267435"},{"taxonomy":"post_tag","embeddable":true,"href":"https:\/\/www.europesays.com\/ee\/wp-json\/wp\/v2\/tags?post=267435"}],"curies":[{"name":"wp","href":"https:\/\/api.w.org\/{rel}","templated":true}]}}