{"id":267437,"date":"2026-09-03T10:09:10","date_gmt":"2026-09-03T10:09:10","guid":{"rendered":"https:\/\/www.europesays.com\/ee\/267437\/"},"modified":"2026-09-03T10:09:10","modified_gmt":"2026-09-03T10:09:10","slug":"usa-asepresident-jd-vance-teen-jumala-tood-isegi-kui-see-viib-maailmalopuni","status":"publish","type":"post","link":"https:\/\/www.europesays.com\/ee\/267437\/","title":{"rendered":"USA asepresident JD Vance: teen jumala t\u00f6\u00f6d \u2013 isegi, kui see viib maailmal\u00f5puni"},"content":{"rendered":"<p>JD Vance, kes avaldas sel suvel raamatu, kuidas ta katoliiklusesse p\u00f6\u00f6rdus, selgitas kristliku saatejuhi Bryce Crawfordiga tehtud intervjuus, et ta ei tea, kas maailmal\u00f5pp saabub m\u00f5ne kuu v\u00f5i tuhandete aastate p\u00e4rast. Lisaks aegade l\u00f5pu ennustamisele v\u00f5ttis asepresident jutuks ka antikristuse. Nimelt \u00fctles Vance, et ta ei imestaks, kui too juba inimeste seas ringi k\u00e4iks. \u201eMa ei oleks \u0161okeeritud,\u201c osutas vabariiklane.<\/p>\n<p>Antikristuse puhul t\u00f5i Vance n\u00e4iteks tehnoloogilised arengud \u2013 eriti tehisaru. Ta r\u00e4\u00e4kis tuttavast, kes kasutab tehisaru abielun\u00f5ustajana, ning nimetas seda \u201eomamoodi saatanlikuks\u201c. \u201eKui eraldada inimene t\u00e4ielikult sellest sotsiaalsest m\u00f5\u00f5tmest, mille jaoks jumal meid l\u00f5i, siis on see v\u00e4ga halb,\u201c \u00fctles asepresident.<\/p>\n<p>Vance kaitses samas Donald Trumpi jagatud AI-pilti, kus presidenti oli kujutatud Jeesusena. Vance\u2019i s\u00f5nul ei soovinud Trump kristlasi solvata, vaid postitus oli m\u00f5eldud naljana. Trump kustutas pildi \u00f5ige pea p\u00e4rast toetajate seas puhkenud pahameeletormi. President v\u00e4itis hiljem, et pildil oli ta m\u00f5eldud kujutama arsti, kes ravitseb inimesi.<\/p>\n<p>Lisaks k\u00f5igele mainis JD Vance, et on kohtumistel riigijuhtidega tundnud m\u00f5nikord \u201epimedust\u201c, kui keegi teeb tema jaoks h\u00e4iriva avalduse. Ta kirjeldas seda tundena, mis paneb k\u00f5ik tema \u201evaimsed h\u00e4irekellad\u201c t\u00f6\u00f6le.<\/p>\n","protected":false},"excerpt":{"rendered":"JD Vance, kes avaldas sel suvel raamatu, kuidas ta katoliiklusesse p\u00f6\u00f6rdus, selgitas kristliku saatejuhi Bryce Crawfordiga tehtud intervjuus,&hellip;\n","protected":false},"author":2,"featured_media":267438,"comment_status":"","ping_status":"","sticky":false,"template":"","format":"standard","meta":{"footnotes":"","_share_on_mastodon":"0"},"categories":[80],"tags":[26,27,37,33,35,34,36,31,32,21,28,29,95,19,25,23,24,22,20,30,92,93,94],"class_list":["post-267437","post","type-post","status-publish","format-standard","has-post-thumbnail","category-maailm","tag-breaking-news","tag-breakingnews","tag-ee","tag-eesti","tag-eesti-keel","tag-estonia","tag-estonian","tag-featured-news","tag-featurednews","tag-headlines","tag-latest-news","tag-latestnews","tag-maailm","tag-news","tag-populaarseimad-lood","tag-top-stories","tag-topstories","tag-uldised-uudised","tag-uudised","tag-viimased-uudised","tag-world","tag-world-news","tag-worldnews"],"share_on_mastodon":{"url":"https:\/\/pubeurope.com\/@ee\/117206565958434797","error":""},"_links":{"self":[{"href":"https:\/\/www.europesays.com\/ee\/wp-json\/wp\/v2\/posts\/267437","targetHints":{"allow":["GET"]}}],"collection":[{"href":"https:\/\/www.europesays.com\/ee\/wp-json\/wp\/v2\/posts"}],"about":[{"href":"https:\/\/www.europesays.com\/ee\/wp-json\/wp\/v2\/types\/post"}],"author":[{"embeddable":true,"href":"https:\/\/www.europesays.com\/ee\/wp-json\/wp\/v2\/users\/2"}],"replies":[{"embeddable":true,"href":"https:\/\/www.europesays.com\/ee\/wp-json\/wp\/v2\/comments?post=267437"}],"version-history":[{"count":0,"href":"https:\/\/www.europesays.com\/ee\/wp-json\/wp\/v2\/posts\/267437\/revisions"}],"wp:featuredmedia":[{"embeddable":true,"href":"https:\/\/www.europesays.com\/ee\/wp-json\/wp\/v2\/media\/267438"}],"wp:attachment":[{"href":"https:\/\/www.europesays.com\/ee\/wp-json\/wp\/v2\/media?parent=267437"}],"wp:term":[{"taxonomy":"category","embeddable":true,"href":"https:\/\/www.europesays.com\/ee\/wp-json\/wp\/v2\/categories?post=267437"},{"taxonomy":"post_tag","embeddable":true,"href":"https:\/\/www.europesays.com\/ee\/wp-json\/wp\/v2\/tags?post=267437"}],"curies":[{"name":"wp","href":"https:\/\/api.w.org\/{rel}","templated":true}]}}