{"id":267439,"date":"2026-09-03T10:10:16","date_gmt":"2026-09-03T10:10:16","guid":{"rendered":"https:\/\/www.europesays.com\/ee\/267439\/"},"modified":"2026-09-03T10:10:16","modified_gmt":"2026-09-03T10:10:16","slug":"kultuurkapital-tunnustas-kooliaasta-alguses-eesti-muusikaopetajaid-muusika","status":"publish","type":"post","link":"https:\/\/www.europesays.com\/ee\/267439\/","title":{"rendered":"Kultuurkapital tunnustas kooliaasta alguses Eesti muusika\u00f5petajaid | Muusika"},"content":{"rendered":"<p>T\u00e4navu p\u00e4lvis kultuurkapitali helikunsti sihtkapitali pedagoogi tunnustuspreemia viis \u00f5petajat eri paigust \u00fcle Eesti.<\/p>\n<p>Kultuurkapitali helikunsti sihtkapitali pedagoogi tunnustuspreemia 2026 laureaadid on:<\/p>\n<ul>\n<li>Rein Vendla, puhkpillide ja orkestrim\u00e4ngu \u00f5petaja, P\u00e4rnu \u00dclej\u00f5e p\u00f5hikooli puhkpilliorkestri, P\u00e4rnu noorte puhkpilliorkestri ja P\u00e4rnu muusikakooli s\u00fcmfooniaorkestri dirigent<\/li>\n<li>Tiiu Pe\u00e4ske, Tallinna muusika- ja balletikooli viiuli\u00f5petaja<\/li>\n<li>Galja J\u00f5gi, Tallinna huvikeskuse Kullo pilli\u00f5petaja ja instrumentaalansambli S\u00f5leke juhendaja<\/li>\n<li>Heigo Rosin, Heino Elleri muusikakooli, Eesti muusika- ja teatriakadeemia ning Tallinna muusika- ja balletikooli l\u00f6\u00f6kpilli\u00f5petaja<\/li>\n<li>Margus Tammem\u00e4gi, Heino Elleri muusikakooli l\u00f6\u00f6kpilli\u00f5petaja<\/li>\n<\/ul>\n<p>Eesti Kultuurkapitali helikunsti sihtkapital annab muusikapedagoogide tunnustuspreemiaid v\u00e4lja alates 2012. aastast koolide ettepanekute p\u00f5hjal ning sihtkapitali algatustena.<\/p>\n<p>Preemiaga tunnustatakse p\u00fchendumist erialasele tegevusele ning muusikahariduse j\u00e4rjepidevat ja k\u00f5rgetasemelist \u00f5petamist. Pedagoogi tunnustuspreemia suurus on 2000 eurot.\u00a0<\/p>\n","protected":false},"excerpt":{"rendered":"T\u00e4navu p\u00e4lvis kultuurkapitali helikunsti sihtkapitali pedagoogi tunnustuspreemia viis \u00f5petajat eri paigust \u00fcle Eesti. Kultuurkapitali helikunsti sihtkapitali pedagoogi tunnustuspreemia&hellip;\n","protected":false},"author":2,"featured_media":267440,"comment_status":"","ping_status":"","sticky":false,"template":"","format":"standard","meta":{"footnotes":"","_share_on_mastodon":"0"},"categories":[12],"tags":[26,27,37,33,35,34,36,31,32,103592,21,103590,6856,28,29,103591,19,25,103594,103593,23,24,22,20,30],"class_list":["post-267439","post","type-post","status-publish","format-standard","has-post-thumbnail","category-eesti","tag-breaking-news","tag-breakingnews","tag-ee","tag-eesti","tag-eesti-keel","tag-estonia","tag-estonian","tag-featured-news","tag-featurednews","tag-galja-jogi","tag-headlines","tag-heigo-rosin","tag-kultuurkapital","tag-latest-news","tag-latestnews","tag-margus-tammemagi","tag-news","tag-populaarseimad-lood","tag-rein-vendla","tag-tiiu-peaske","tag-top-stories","tag-topstories","tag-uldised-uudised","tag-uudised","tag-viimased-uudised"],"share_on_mastodon":{"url":"https:\/\/pubeurope.com\/@ee\/117206569745504015","error":""},"_links":{"self":[{"href":"https:\/\/www.europesays.com\/ee\/wp-json\/wp\/v2\/posts\/267439","targetHints":{"allow":["GET"]}}],"collection":[{"href":"https:\/\/www.europesays.com\/ee\/wp-json\/wp\/v2\/posts"}],"about":[{"href":"https:\/\/www.europesays.com\/ee\/wp-json\/wp\/v2\/types\/post"}],"author":[{"embeddable":true,"href":"https:\/\/www.europesays.com\/ee\/wp-json\/wp\/v2\/users\/2"}],"replies":[{"embeddable":true,"href":"https:\/\/www.europesays.com\/ee\/wp-json\/wp\/v2\/comments?post=267439"}],"version-history":[{"count":0,"href":"https:\/\/www.europesays.com\/ee\/wp-json\/wp\/v2\/posts\/267439\/revisions"}],"wp:featuredmedia":[{"embeddable":true,"href":"https:\/\/www.europesays.com\/ee\/wp-json\/wp\/v2\/media\/267440"}],"wp:attachment":[{"href":"https:\/\/www.europesays.com\/ee\/wp-json\/wp\/v2\/media?parent=267439"}],"wp:term":[{"taxonomy":"category","embeddable":true,"href":"https:\/\/www.europesays.com\/ee\/wp-json\/wp\/v2\/categories?post=267439"},{"taxonomy":"post_tag","embeddable":true,"href":"https:\/\/www.europesays.com\/ee\/wp-json\/wp\/v2\/tags?post=267439"}],"curies":[{"name":"wp","href":"https:\/\/api.w.org\/{rel}","templated":true}]}}