{"id":267441,"date":"2026-09-03T10:11:11","date_gmt":"2026-09-03T10:11:11","guid":{"rendered":"https:\/\/www.europesays.com\/ee\/267441\/"},"modified":"2026-09-03T10:11:11","modified_gmt":"2026-09-03T10:11:11","slug":"saksa-politsei-vahistas-muncheni-militaarettevotte-suutamisega-seoses-kaks-inimest-valismaa","status":"publish","type":"post","link":"https:\/\/www.europesays.com\/ee\/267441\/","title":{"rendered":"Saksa politsei vahistas M\u00fcncheni militaarettev\u00f5tte s\u00fc\u00fctamisega seoses kaks inimest | V\u00e4lismaa"},"content":{"rendered":"<p>Saksa politsei uurib M\u00fcnchenis \u00fche kaitseettev\u00f5tte peakorteri l\u00e4hedal korraldatud poliitiliselt motiveeritud s\u00fc\u00fctamist ning on seet\u00f5ttu kinni pidanud kaks inimest. Taani luure teatas neljap\u00e4eval, et Venemaa v\u00e4rbab taanlasi sabotaa\u017eiaktide korraldamiseks.<\/p>\n<p>Baieri liidumaa politsei pressiesindaja kinnitas kaitsetehnoloogiaettev\u00f5tte Rohde &amp; Schwarz peakorteri l\u00e4hedal asuval ehitusplatsil arvatava s\u00fc\u00fctamise uurimist, kuid \u00fctles, et praegu puuduvad t\u00f5endid selle kohta, et r\u00fcnnatud oleks konkreetselt seda ettev\u00f5tet.<\/p>\n<p>Politsei pressiesindaja s\u00f5nul peeti juhtunu t\u00f5ttu kinni 28-aastane naine ja 38-aastane mees, m\u00f5lemad Bulgaaria kodanikud.<\/p>\n<p>S\u00fc\u00fcdatud tulekahju ei tekitanud olulist kahju ja kustutati kiiresti. Keegi vigastada ei saanud, teatas politsei.<\/p>\n<p>Rohde &amp; Schwarz kinnitas, et ettev\u00f5tte peakorteri l\u00e4hedal asuval ehitusplatsil toimus vahejuhtum.<\/p>\n<p>Saksamaa v\u00f5imud on p\u00e4rast seda, kui valitsus teatas sel n\u00e4dalal, et augusti algul Leipzig\/Halle lennujaamas Ukraina kaubalennuki vastu kavandatud droonir\u00fcnnaku taga oli Venemaa, taristur\u00fcnnakute suhtes k\u00f5rgendatud valmisolekus.<\/p>\n<p>Saksa siseminister Alexander Dobrindt on \u00f6elnud, et v\u00e4lisriigid, eelk\u00f5ige Venemaa, v\u00f5ivad sabotaa\u017ei korraldamisel k\u00e4silastena kasutada vasak\u00e4\u00e4rmuslikke r\u00fchmitusi. Ta hoiatas, et m\u00f5ned neist r\u00fchmitustest kordavad Ukraina s\u00f5ja teemal \u00fcha enam Venemaalt p\u00e4rinevaid narratiive.<\/p>\n<p>Taani luure s\u00f5nul v\u00e4rbab Venemaa taanlasi sabotaa\u017eiks<\/p>\n<p>Venemaa v\u00e4rbab Taani kodanikke, et kavandada sabotaa\u017ei nende Taani kaitset\u00f6\u00f6stusettev\u00f5tete vastu, millel on sidemeid Ukrainaga, teatas neljap\u00e4eval Taani riiklik julgeoleku- ja luureteenistus PET.<\/p>\n<p>H\u00fcbriids\u00f5da ja sabotaa\u017e Euroopas p\u00e4lvisid sel n\u00e4dalal taas t\u00e4helepanu p\u00e4rast seda, kui Saksamaa s\u00fc\u00fcdistas Venemaad Leipzig\/Halle lennujaamas toimunud Ukraina kaubalennuki vastu kavandatud droonir\u00fcnnakus. Seepeale kutsusid Euroopa Liidu liikmesriigid \u00fcles kehtestama Venemaale uusi sanktsioone.<\/p>\n<p>&#8220;Venemaa kavandab ja paneb Euroopas toime sabotaa\u017eiakte kaitseettev\u00f5tete ja kaitset\u00f6\u00f6stuse vastu,&#8221; \u00fctles PET-i vastuluure juht Emil Gresholm avalduses.<\/p>\n<p>&#8220;Me n\u00e4eme, et ka Taani ettev\u00f5tted on konkreetsete Venemaa sabotaa\u017eiplaanide sihtm\u00e4rgid ning et Venemaa luureteenistused valmistavad aktiivselt ette Taani kaitset\u00f6\u00f6stuse vastu suunatud sabotaa\u017eiakte,&#8221; \u00fctles ta.<\/p>\n<p>Moskva on eitanud igasugust seotust h\u00fcbriids\u00f5jaga.<\/p>\n<p>Gresholmi s\u00f5nul on PET tuvastanud konkreetseid juhtumeid, kus Venemaa on p\u00fc\u00fcdnud sotsiaalmeedias ja m\u00e4nguplatvormidel v\u00e4rvata taanlasi \u00fclesannete t\u00e4itmiseks, n\u00e4iteks ettev\u00f5tete v\u00f5i taristu pildistamiseks. Sellist infot v\u00f5idakse kasutada sabotaa\u017eiaktide kavandamisel.<\/p>\n<p>&#8220;On \u00e4\u00e4rmiselt t\u00f5sine, kui tavalised taanlased aitavad Venemaa luureteenistust \u2013 kas teadlikult v\u00f5i enese teadmata,&#8221; \u00fctles ta.<\/p>\n<p>Euroopa kaitseettev\u00f5tetes on viimastel n\u00e4dalatel sagenenud mitmesugused segase taustaga intsidendid nagu plahvatused ja p\u00f5lengud.<\/p>\n","protected":false},"excerpt":{"rendered":"Saksa politsei uurib M\u00fcnchenis \u00fche kaitseettev\u00f5tte peakorteri l\u00e4hedal korraldatud poliitiliselt motiveeritud s\u00fc\u00fctamist ning on seet\u00f5ttu kinni pidanud kaks&hellip;\n","protected":false},"author":2,"featured_media":267442,"comment_status":"","ping_status":"","sticky":false,"template":"","format":"standard","meta":{"footnotes":"","_share_on_mastodon":"0"},"categories":[5],"tags":[26,27,37,33,35,34,36,31,32,21,28,29,19,25,4344,75770,9577,264,23,24,22,20,1932,54296,1933,30],"class_list":["post-267441","post","type-post","status-publish","format-standard","has-post-thumbnail","category-uldised-uudised","tag-breaking-news","tag-breakingnews","tag-ee","tag-eesti","tag-eesti-keel","tag-estonia","tag-estonian","tag-featured-news","tag-featurednews","tag-headlines","tag-latest-news","tag-latestnews","tag-news","tag-populaarseimad-lood","tag-sabotaaz","tag-saksa-politsei","tag-suutamine","tag-taani","tag-top-stories","tag-topstories","tag-uldised-uudised","tag-uudised","tag-varbamine","tag-vene-hubriidrunnak","tag-vene-oht","tag-viimased-uudised"],"share_on_mastodon":{"url":"https:\/\/pubeurope.com\/@ee\/117206573477946812","error":""},"_links":{"self":[{"href":"https:\/\/www.europesays.com\/ee\/wp-json\/wp\/v2\/posts\/267441","targetHints":{"allow":["GET"]}}],"collection":[{"href":"https:\/\/www.europesays.com\/ee\/wp-json\/wp\/v2\/posts"}],"about":[{"href":"https:\/\/www.europesays.com\/ee\/wp-json\/wp\/v2\/types\/post"}],"author":[{"embeddable":true,"href":"https:\/\/www.europesays.com\/ee\/wp-json\/wp\/v2\/users\/2"}],"replies":[{"embeddable":true,"href":"https:\/\/www.europesays.com\/ee\/wp-json\/wp\/v2\/comments?post=267441"}],"version-history":[{"count":0,"href":"https:\/\/www.europesays.com\/ee\/wp-json\/wp\/v2\/posts\/267441\/revisions"}],"wp:featuredmedia":[{"embeddable":true,"href":"https:\/\/www.europesays.com\/ee\/wp-json\/wp\/v2\/media\/267442"}],"wp:attachment":[{"href":"https:\/\/www.europesays.com\/ee\/wp-json\/wp\/v2\/media?parent=267441"}],"wp:term":[{"taxonomy":"category","embeddable":true,"href":"https:\/\/www.europesays.com\/ee\/wp-json\/wp\/v2\/categories?post=267441"},{"taxonomy":"post_tag","embeddable":true,"href":"https:\/\/www.europesays.com\/ee\/wp-json\/wp\/v2\/tags?post=267441"}],"curies":[{"name":"wp","href":"https:\/\/api.w.org\/{rel}","templated":true}]}}