{"id":267449,"date":"2026-09-03T10:20:13","date_gmt":"2026-09-03T10:20:13","guid":{"rendered":"https:\/\/www.europesays.com\/ee\/267449\/"},"modified":"2026-09-03T10:20:13","modified_gmt":"2026-09-03T10:20:13","slug":"agentstvo-venemaal-on-tugevdatud-propagandistide-kaitset-2","status":"publish","type":"post","link":"https:\/\/www.europesays.com\/ee\/267449\/","title":{"rendered":"Agentstvo: Venemaal on tugevdatud propagandistide kaitset"},"content":{"rendered":"<p>\u00dche f\u00f6deraalse telekanali t\u00f6\u00f6taja r\u00e4\u00e4kis Agentstvole, et hiljuti soovitas Venemaa rahvuskaardi juht <a rel=\"noopener nofollow\" target=\"_blank\" href=\"https:\/\/www.delfi.ee\/teema\/96882353\/viktor-zolotov\" tag-id=\"96882353\">Viktor Zolotov<\/a> tema \u00fclemustel endale ihukaitsjad muretseda. N\u00fc\u00fcd saadab rahvuskaart allika s\u00f5nul pea k\u00f5iki telekanali \u00fclemusi. Allikas \u00fctles, et mitte k\u00f5ik kolleegid ei ole sellest vaimustuses, sest julgeoleku eest hoolitsemise k\u00f5rval toob selline kaitse kaasa ka pideva nende j\u00e4rel nuhkimise rahvuskaartlaste poolt.<\/p>\n<p>Soovitus ei puuduta Agentstvo teatel ainult \u201ebosse\u201c, vaid ka telesaatejuhte. \u00dcks neist pidas hiljuti <a rel=\"noopener nofollow\" target=\"_blank\" href=\"https:\/\/www.delfi.ee\/teema\/22871535\/moskva\" tag-id=\"22871535\">Moskvas<\/a> s\u00fcnnip\u00e4eva ja saabus t\u00e4histamisele ihukaitsjate autoga, r\u00e4\u00e4kis \u00fcks k\u00fclalistest.<\/p>\n<p>Veel \u00fcks Agentstvo allikas kinnitas, et telekanalite juhte v\u00f5isid ka varem saata isiklikud ihukaitsjad, kes allusid rahvuskaardile, aga n\u00fc\u00fcd on julgeolekumeetmeid t\u00f5esti tugevdatud.<\/p>\n<p>\u00dcks Agentstvo allikas n\u00e4gi m\u00f5ni aeg tagasi Venemaa julgeolekun\u00f5ukogu aseesimehe <a rel=\"noopener nofollow\" target=\"_blank\" href=\"https:\/\/www.delfi.ee\/teema\/22724039\/dmitri-medvedev\" tag-id=\"22724039\">Dmitri Medvedevi<\/a> poega Ilja Medvedevit ja oli v\u00e4ga \u00fcllatunud noormeest saatnud f\u00f6deraalse julgestusteenistuse (FSO) t\u00f6\u00f6tajate hulgast ja aktiivsusest. Nimelt otsiti enne Medvedev juuniori saabumist k\u00f5ik inimesed hoolikalt l\u00e4bi. Medvedevi tuttav ja v\u00f5imuerakonna <a rel=\"noopener nofollow\" target=\"_blank\" href=\"https:\/\/www.delfi.ee\/teema\/56497806\/uhtne-venemaa\" tag-id=\"56497806\">\u00dchtne Venemaa<\/a> juhtkonnale l\u00e4hedane allikas \u00fctlesid, et talle oli ka varem endise presidendi pojana <a rel=\"noopener nofollow\" target=\"_blank\" href=\"https:\/\/www.delfi.ee\/teema\/96880053\/ihukaitse\" tag-id=\"96880053\">ihukaitse<\/a> ette n\u00e4htud. Ilja Medvedev on \u00dchtse Venemaa projektijuht ja innovatsioonilise arengu n\u00f5ukogu sekret\u00e4r.<\/p>\n<p>\u00dcks allikas juhtus juhuslikult n\u00e4gema, kuidas saabusid Moskvasse <a rel=\"noopener nofollow\" target=\"_blank\" href=\"https:\/\/www.delfi.ee\/teema\/56818380\/aserbaidzaan\" tag-id=\"56818380\">Aserbaid\u017eaani<\/a> presidendi <a rel=\"noopener nofollow\" target=\"_blank\" href=\"https:\/\/www.delfi.ee\/teema\/66877791\/ilham-aliyev\" tag-id=\"66877791\">\u0130lham \u00c4liyevi<\/a> lapselapsed. Lennujaamas oli neil vastas v\u00e4hemalt k\u00fcmme FSO t\u00f6\u00f6tajat.<\/p>\n<p>Propagandistide kaitse tugevdamine algas juba t\u00e4iemahulise s\u00f5ja esimestel kuudel, tuletab Agentstvo meelde. Aga siis pakuti seda vaid k\u00f5ige tuntumatele nendest.<\/p>\n<p>2022. aasta augustis, p\u00e4rast Vene imperialismi ideoloogi <a rel=\"noopener nofollow\" target=\"_blank\" href=\"https:\/\/www.delfi.ee\/teema\/70662385\/aleksandr-dugin\" tag-id=\"70662385\">Aleksandr Dugini<\/a> t\u00fctre Darja Dugina tapmist kirjutas propagandakanali RT peatoimetaja <a rel=\"noopener nofollow\" target=\"_blank\" href=\"https:\/\/www.delfi.ee\/teema\/86454081\/margarita-simonjan\" tag-id=\"86454081\">Margarita Simonjan<\/a> ise, et liigub n\u00fc\u00fcd alati ihukaitsjatega. 2023. aasta juulis p\u00e4rast <a rel=\"noopener nofollow\" target=\"_blank\" href=\"https:\/\/www.delfi.ee\/teema\/96852044\/vladlen-tatarski\" tag-id=\"96852044\">Vladlen Tatarski<\/a> tapmist, <a rel=\"noopener nofollow\" target=\"_blank\" href=\"https:\/\/www.delfi.ee\/teema\/96853500\/zahhar-prilepin\" tag-id=\"96853500\">Zahhar Prilepini<\/a> tapmiskatset ja Venemaa f\u00f6deraalse julgeolekuteenistuse (<a rel=\"noopener nofollow\" target=\"_blank\" href=\"https:\/\/www.delfi.ee\/teema\/56450460\/fsb\" tag-id=\"56450460\">FSB<\/a>) teadet Simonjani enda vastase r\u00fcnnaku \u00e4rahoidmise kohta kirjutasid ajakirjanikud, et <a rel=\"noopener nofollow\" target=\"_blank\" href=\"https:\/\/www.delfi.ee\/teema\/23450357\/sotsi\" tag-id=\"23450357\">Sot\u0161i<\/a> l\u00e4hedal rannas saatis Simonjani kuus ihukaitsjatena v\u00e4lja n\u00e4inud inimest.<\/p>\n<p>2022. aasta septembris teatas Telegrami kanal Baza, et uudisteagentuuri Rossija Segodnja peadirektori <a rel=\"noopener nofollow\" target=\"_blank\" href=\"https:\/\/www.delfi.ee\/teema\/68709835\/dmitri-kisseljov\" tag-id=\"68709835\">Dmitri Kisseljovi<\/a> villat Koktebelis hakkavad valvama rahvuskaart ja politsei patrullteenistus. Kisseljovi ennast kaitsesid FSB t\u00f6\u00f6tajad.<\/p>\n<p>Venemaa valitseja <a rel=\"noopener nofollow\" target=\"_blank\" href=\"https:\/\/www.delfi.ee\/teema\/23342331\/vladimir-putin\" tag-id=\"23342331\">Vladimir Putin<\/a> on t\u00e4iemahulise s\u00f5ja algusest alates FSO keskaparaadi t\u00f6\u00f6tajate arvu neli korda suurendanud. Viimati sel n\u00e4dalal 812 inimeseni.<\/p>\n<p>Agentstvo kirjutab, et Putini k\u00e4sul on FSO kaitse alla v\u00f5tnud \u00fcle k\u00fcmne kindrali. Viimase kahe aasta jooksul on tagalas r\u00fcnnatud v\u00e4hemalt kuut kindralit, kellest kolm on hukkunud.<\/p>\n<p>Kuidas see lugu Sind end tundma pani?Saada<a href=\"https:\/\/www.delfi.ee\/artikkel\/120608072\/agentstvo-venemaal-on-tugevdatud-propagandistide-kaitset\/kommentaarid\" class=\"button button--primary button--size-auto article-body-bottom__comment article-body-bottom__comment--write\" style=\"\" rel=\"nofollow noopener\" target=\"_blank\">Kommenteeri<\/a><a href=\"https:\/\/www.delfi.ee\/artikkel\/120608072\/agentstvo-venemaal-on-tugevdatud-propagandistide-kaitset\/kommentaarid\" class=\"button button--size-auto article-body-bottom__comment article-body-bottom__comment--read\" style=\"\" rel=\"nofollow noopener\" target=\"_blank\">Loe kommentaare (12)<\/a><\/p>\n","protected":false},"excerpt":{"rendered":"\u00dche f\u00f6deraalse telekanali t\u00f6\u00f6taja r\u00e4\u00e4kis Agentstvole, et hiljuti soovitas Venemaa rahvuskaardi juht Viktor Zolotov tema \u00fclemustel endale ihukaitsjad&hellip;\n","protected":false},"author":2,"featured_media":267450,"comment_status":"","ping_status":"","sticky":false,"template":"","format":"standard","meta":{"footnotes":"","_share_on_mastodon":"0"},"categories":[80],"tags":[6723,6648,26,27,9777,2267,37,33,35,34,36,31,32,9251,21,103086,54267,28,29,95,4569,108,19,25,937,23,24,13479,262,22,20,96,30,103581,661,103579,92,93,94,103580],"class_list":["post-267449","post","type-post","status-publish","format-standard","has-post-thumbnail","category-maailm","tag-aleksandr-dugin","tag-aserbaidzaan","tag-breaking-news","tag-breakingnews","tag-dmitri-kisseljov","tag-dmitri-medvedev","tag-ee","tag-eesti","tag-eesti-keel","tag-estonia","tag-estonian","tag-featured-news","tag-featurednews","tag-fsb","tag-headlines","tag-ihukaitse","tag-ilham-aliyev","tag-latest-news","tag-latestnews","tag-maailm","tag-margarita-simonjan","tag-moskva","tag-news","tag-populaarseimad-lood","tag-sotsi","tag-top-stories","tag-topstories","tag-uhtne-venemaa","tag-ukraina","tag-uldised-uudised","tag-uudised","tag-venemaa","tag-viimased-uudised","tag-viktor-zolotov","tag-vladimir-putin","tag-vladlen-tatarski","tag-world","tag-world-news","tag-worldnews","tag-zahhar-prilepin"],"share_on_mastodon":{"url":"","error":"Validation failed: Text character limit of 500 exceeded"},"_links":{"self":[{"href":"https:\/\/www.europesays.com\/ee\/wp-json\/wp\/v2\/posts\/267449","targetHints":{"allow":["GET"]}}],"collection":[{"href":"https:\/\/www.europesays.com\/ee\/wp-json\/wp\/v2\/posts"}],"about":[{"href":"https:\/\/www.europesays.com\/ee\/wp-json\/wp\/v2\/types\/post"}],"author":[{"embeddable":true,"href":"https:\/\/www.europesays.com\/ee\/wp-json\/wp\/v2\/users\/2"}],"replies":[{"embeddable":true,"href":"https:\/\/www.europesays.com\/ee\/wp-json\/wp\/v2\/comments?post=267449"}],"version-history":[{"count":0,"href":"https:\/\/www.europesays.com\/ee\/wp-json\/wp\/v2\/posts\/267449\/revisions"}],"wp:featuredmedia":[{"embeddable":true,"href":"https:\/\/www.europesays.com\/ee\/wp-json\/wp\/v2\/media\/267450"}],"wp:attachment":[{"href":"https:\/\/www.europesays.com\/ee\/wp-json\/wp\/v2\/media?parent=267449"}],"wp:term":[{"taxonomy":"category","embeddable":true,"href":"https:\/\/www.europesays.com\/ee\/wp-json\/wp\/v2\/categories?post=267449"},{"taxonomy":"post_tag","embeddable":true,"href":"https:\/\/www.europesays.com\/ee\/wp-json\/wp\/v2\/tags?post=267449"}],"curies":[{"name":"wp","href":"https:\/\/api.w.org\/{rel}","templated":true}]}}