{"id":267473,"date":"2026-09-03T10:46:10","date_gmt":"2026-09-03T10:46:10","guid":{"rendered":"https:\/\/www.europesays.com\/ee\/267473\/"},"modified":"2026-09-03T10:46:10","modified_gmt":"2026-09-03T10:46:10","slug":"keskmine-palk-oli-teises-kvartalis-2243-eurot","status":"publish","type":"post","link":"https:\/\/www.europesays.com\/ee\/267473\/","title":{"rendered":"Keskmine palk oli teises kvartalis 2243 eurot"},"content":{"rendered":"<p>Statistikaameti juhtivanal\u00fc\u00fctiku Krista Vaikmetsa s\u00f5nul t\u00f5usis keskmine brutopalk aastaga k\u00f5igis maakondades, kuid palgakasv oli piirkonniti erinev. \u00abK\u00f5ige enam t\u00f5usis keskmine brutopalk Ida-Virumaal ja Hiiumaal, kus t\u00f5us oli vastavalt kaheksa ja seitse protsenti, m\u00f5nev\u00f5rra tagasihoidlikum oli kasv P\u00f5lva-, J\u00f5geva- ja Valgamaal, kus see j\u00e4i nelja protsendi juurde,\u00bb \u00fctles Vaikmets.<\/p>\n","protected":false},"excerpt":{"rendered":"Statistikaameti juhtivanal\u00fc\u00fctiku Krista Vaikmetsa s\u00f5nul t\u00f5usis keskmine brutopalk aastaga k\u00f5igis maakondades, kuid palgakasv oli piirkonniti erinev. \u00abK\u00f5ige enam&hellip;\n","protected":false},"author":2,"featured_media":267474,"comment_status":"","ping_status":"","sticky":false,"template":"","format":"standard","meta":{"footnotes":"","_share_on_mastodon":"0"},"categories":[5],"tags":[26,27,37,33,35,2759,34,36,31,32,21,103601,28,29,6375,19,1968,25,2559,2161,23,24,22,20,30],"class_list":["post-267473","post","type-post","status-publish","format-standard","has-post-thumbnail","category-uldised-uudised","tag-breaking-news","tag-breakingnews","tag-ee","tag-eesti","tag-eesti-keel","tag-eesti-majandus","tag-estonia","tag-estonian","tag-featured-news","tag-featurednews","tag-headlines","tag-keskmine-brutokuupalk","tag-latest-news","tag-latestnews","tag-mediaanpalk","tag-news","tag-palgakasv","tag-populaarseimad-lood","tag-statistikaamet","tag-tooturg","tag-top-stories","tag-topstories","tag-uldised-uudised","tag-uudised","tag-viimased-uudised"],"share_on_mastodon":{"url":"https:\/\/pubeurope.com\/@ee\/117206711163341876","error":""},"_links":{"self":[{"href":"https:\/\/www.europesays.com\/ee\/wp-json\/wp\/v2\/posts\/267473","targetHints":{"allow":["GET"]}}],"collection":[{"href":"https:\/\/www.europesays.com\/ee\/wp-json\/wp\/v2\/posts"}],"about":[{"href":"https:\/\/www.europesays.com\/ee\/wp-json\/wp\/v2\/types\/post"}],"author":[{"embeddable":true,"href":"https:\/\/www.europesays.com\/ee\/wp-json\/wp\/v2\/users\/2"}],"replies":[{"embeddable":true,"href":"https:\/\/www.europesays.com\/ee\/wp-json\/wp\/v2\/comments?post=267473"}],"version-history":[{"count":0,"href":"https:\/\/www.europesays.com\/ee\/wp-json\/wp\/v2\/posts\/267473\/revisions"}],"wp:featuredmedia":[{"embeddable":true,"href":"https:\/\/www.europesays.com\/ee\/wp-json\/wp\/v2\/media\/267474"}],"wp:attachment":[{"href":"https:\/\/www.europesays.com\/ee\/wp-json\/wp\/v2\/media?parent=267473"}],"wp:term":[{"taxonomy":"category","embeddable":true,"href":"https:\/\/www.europesays.com\/ee\/wp-json\/wp\/v2\/categories?post=267473"},{"taxonomy":"post_tag","embeddable":true,"href":"https:\/\/www.europesays.com\/ee\/wp-json\/wp\/v2\/tags?post=267473"}],"curies":[{"name":"wp","href":"https:\/\/api.w.org\/{rel}","templated":true}]}}