{"id":267479,"date":"2026-09-03T10:56:22","date_gmt":"2026-09-03T10:56:22","guid":{"rendered":"https:\/\/www.europesays.com\/ee\/267479\/"},"modified":"2026-09-03T10:56:22","modified_gmt":"2026-09-03T10:56:22","slug":"ajajoon-viis-presidenti-on-oma-too-teinud-ja-parandi-jatnud-mida-lisab-sellele-ulle-madise-delfi-2","status":"publish","type":"post","link":"https:\/\/www.europesays.com\/ee\/267479\/","title":{"rendered":"AJAJOON | Viis presidenti on oma t\u00f6\u00f6 teinud ja p\u00e4randi j\u00e4tnud. Mida lisab sellele \u00dclle Madise? &#8211; Delfi"},"content":{"rendered":"<ol>\n<li><a href=\"https:\/\/news.google.com\/rss\/articles\/CBMiR0FVX3lxTE9yRDhlT3AycFVKblFaTHhKQnh1d3pfLWJsTzhKNEVlSjB4czJ2VHNTZGJ5Nlo0WjZycnFCOUV5VWdWb1JYcUVN?oc=5\" target=\"_blank\" rel=\"nofollow noopener\">AJAJOON | Viis presidenti on oma t\u00f6\u00f6 teinud ja p\u00e4randi j\u00e4tnud. Mida lisab sellele \u00dclle Madise?<\/a>&nbsp;&nbsp;Delfi<\/li>\n<li><a href=\"https:\/\/news.google.com\/rss\/articles\/CBMif0FVX3lxTE56aXJLb0FYNEFxd3R0clY5WFZucW94VTlkbUFyanpYTzg1ZmMxNVpHRGlTT2p1b2p4bThGcDNocGc5enpMYnd5RlI4XzQzb1B0MG40WFVXd2NjaXBzbHk2N2VUX0I0N0xSaU1aU280TzhEZWFGMENtQUxsVG13enc?oc=5\" target=\"_blank\" rel=\"nofollow noopener\">JUHTKIRI \u27e9 Kas president v\u00f5i tippametnik?<\/a>&nbsp;&nbsp;Postimees<\/li>\n<li><a href=\"https:\/\/news.google.com\/rss\/articles\/CBMi4wFBVV95cUxNanR5blp5ZFV6MVdaekN5cUliR0tvRlFnNVlDUEdURlc4ekNZVE93azFEeEZwTnJ1YVc2aUNGczhCdUFGS3pYLVFTaWU0dUdnUXkyYlN6dEVkUHkwR2o0RmotUDdiX0drVlFnYmNSQXRxdXc0NU1fUGlvbmhqMkFWS1FQVFlDb0V5Y01ENTZEU0RUX1hmYVd2UWVmcFB3QWpiOVZnU3NkbzRHd0FxTjdzbzVTOElSZVhFZnhaRDA1WVBtLWVPMTYyVUpwd3gyMTBXc1lwaGpnVGowalh2c25WdWhpaw?oc=5\" target=\"_blank\" rel=\"nofollow noopener\">\u00dclle Madise riigikogus: v\u00e4ikeriigi t\u00fc\u00fcrimine maailma tippu on v\u00e4gev eesm\u00e4rk. Mina seda v\u00e4ljakutset ei pelga<\/a>&nbsp;&nbsp;\u00c4rip\u00e4ev<\/li>\n<li><a href=\"https:\/\/news.google.com\/rss\/articles\/CBMidkFVX3lxTE9QT0NLemJ6WmtFXzVldGRqQURHSTRUYzc3OV96SGMtZ0dlRG9QeFpEbjdWSUlBZmlRYnlmWGZQdV9CWF9SeEl4ZHlmZnB6MUFiSEZfX293RG1fdFY5dmJuTnhiXzVSSWJ1cWdqUHZJYnNLd1dHenc?oc=5\" target=\"_blank\" rel=\"nofollow noopener\">\u00dclle Madise on Eesti uus president<\/a>&nbsp;&nbsp;L\u00e4\u00e4ne Elu<\/li>\n<li><a href=\"https:\/\/news.google.com\/rss\/articles\/CBMi9gFBVV95cUxOcXdEblUwLTFWbGFLMm8xaURqOVpTWlRtd3otTmEtX3BPT1U2VVRLYU82ZTU1Mm9hem1fSUpkVUFHVGhreGd6NTV1Y09fbHp0RmZQQ0REZC0wT01LUnVoYWlvemdMWmpwRHhhSjdyTDZUUXFPeG9XMDVwRlVFeFcxMl9wa3ZFLV9TdzFVaXdVSElMV24wbnFKNEpZN2RyMG9uVjlySl9JQmFzaUt4ZDlPOVA3RVZYbXpXd2FQei1xSzRtODBXalBQbV9MMnJlT3NKSGpZMlItSzZQdnpuUjc3UkVENWZpblIxc3BIcHllY2NZNW0wN2c?oc=5\" target=\"_blank\" rel=\"nofollow noopener\">K\u00d5NE | \u00dclle Madise: riik ei tea k\u00f5ige paremini, kuidas elada ja hingata. Usaldagem \u00f5petajat, arsti, maainimest, rahvaesindajat<\/a>&nbsp;&nbsp;arvamus.delfi.ee<\/li>\n<\/ol>\n","protected":false},"excerpt":{"rendered":"AJAJOON | Viis presidenti on oma t\u00f6\u00f6 teinud ja p\u00e4randi j\u00e4tnud. Mida lisab sellele \u00dclle Madise?&nbsp;&nbsp;Delfi JUHTKIRI \u27e9&hellip;\n","protected":false},"author":2,"featured_media":267480,"comment_status":"","ping_status":"","sticky":false,"template":"","format":"standard","meta":{"footnotes":"","_share_on_mastodon":"0"},"categories":[12],"tags":[26,27,37,33,35,34,36,31,32,21,28,29,19,25,23,24,22,3457,20,30],"class_list":["post-267479","post","type-post","status-publish","format-standard","has-post-thumbnail","category-eesti","tag-breaking-news","tag-breakingnews","tag-ee","tag-eesti","tag-eesti-keel","tag-estonia","tag-estonian","tag-featured-news","tag-featurednews","tag-headlines","tag-latest-news","tag-latestnews","tag-news","tag-populaarseimad-lood","tag-top-stories","tag-topstories","tag-uldised-uudised","tag-ulle-madise","tag-uudised","tag-viimased-uudised"],"share_on_mastodon":{"url":"https:\/\/pubeurope.com\/@ee\/117206750744790477","error":""},"_links":{"self":[{"href":"https:\/\/www.europesays.com\/ee\/wp-json\/wp\/v2\/posts\/267479","targetHints":{"allow":["GET"]}}],"collection":[{"href":"https:\/\/www.europesays.com\/ee\/wp-json\/wp\/v2\/posts"}],"about":[{"href":"https:\/\/www.europesays.com\/ee\/wp-json\/wp\/v2\/types\/post"}],"author":[{"embeddable":true,"href":"https:\/\/www.europesays.com\/ee\/wp-json\/wp\/v2\/users\/2"}],"replies":[{"embeddable":true,"href":"https:\/\/www.europesays.com\/ee\/wp-json\/wp\/v2\/comments?post=267479"}],"version-history":[{"count":0,"href":"https:\/\/www.europesays.com\/ee\/wp-json\/wp\/v2\/posts\/267479\/revisions"}],"wp:featuredmedia":[{"embeddable":true,"href":"https:\/\/www.europesays.com\/ee\/wp-json\/wp\/v2\/media\/267480"}],"wp:attachment":[{"href":"https:\/\/www.europesays.com\/ee\/wp-json\/wp\/v2\/media?parent=267479"}],"wp:term":[{"taxonomy":"category","embeddable":true,"href":"https:\/\/www.europesays.com\/ee\/wp-json\/wp\/v2\/categories?post=267479"},{"taxonomy":"post_tag","embeddable":true,"href":"https:\/\/www.europesays.com\/ee\/wp-json\/wp\/v2\/tags?post=267479"}],"curies":[{"name":"wp","href":"https:\/\/api.w.org\/{rel}","templated":true}]}}