{"id":267481,"date":"2026-09-03T10:57:23","date_gmt":"2026-09-03T10:57:23","guid":{"rendered":"https:\/\/www.europesays.com\/ee\/267481\/"},"modified":"2026-09-03T10:57:23","modified_gmt":"2026-09-03T10:57:23","slug":"fotod-uleujutus-rouge-vallas-tugev-vihm-ajas-paisjarve-ule-kallaste-ja-tekitas-paksu-pahandust","status":"publish","type":"post","link":"https:\/\/www.europesays.com\/ee\/267481\/","title":{"rendered":"FOTOD | \u00dcleujutus R\u00f5uge vallas! Tugev vihm ajas paisj\u00e4rve \u00fcle kallaste ja tekitas paksu pahandust"},"content":{"rendered":"<p>P\u00e4\u00e4stemeeskonna kohalej\u00f5udmise hetkel oli veetase tammi kohal umbes 10\u201315 cm. <a rel=\"noopener nofollow\" target=\"_blank\" href=\"https:\/\/www.delfi.ee\/teema\/96857411\/paastjad-1\" tag-id=\"96857411\">P\u00e4\u00e4stjad<\/a> selgitasid v\u00e4lja, et truubi sissevoolu oli blokeerinud m\u00e4tas. <\/p>\n<p><img decoding=\"async\" src=\"https:\/\/www.europesays.com\/ee\/wp-content\/uploads\/2026\/09\/7ddfe23d-21ca-449f-93ba-c3f1b92bed8f.jpg\" loading=\"lazy\" alt=\"R\u00f5uge valla paisj\u00e4rv\"\/><img decoding=\"async\" src=\"https:\/\/www.europesays.com\/ee\/wp-content\/uploads\/2026\/09\/7021cb75-fd2a-4fa0-b9eb-41098440eb89.jpg\" loading=\"lazy\" alt=\"R\u00f5uge valla paisj\u00e4rv\"\/><\/p>\n<p>\u00d5nneks saadi abi kohalikult kopajuhilt, kes osavate liigutustega takistuse truubi eest eemaldas. Truubi koht sai avatud ja selle seest m\u00e4tas \u00e4ra v\u00f5etud. <\/p>\n<p>Seej\u00e4rel hakkas veetase vaikselt, kuid j\u00e4rjekindlalt alanema ning p\u00e4\u00e4stjate jaoks oli s\u00fcndmus kella 12.44ks l\u00f5ppenud. Kohalik perenaine j\u00e4i veetasemel ja truubi sissevoolul silma peal hoidma.<\/p>\n<p>Keskkonnaagentuuri s\u00fcnoptik <a rel=\"noopener nofollow\" target=\"_blank\" href=\"https:\/\/www.delfi.ee\/teema\/71575527\/kairo-kiitsak\" tag-id=\"71575527\">Kairo Kiitsaku<\/a> s\u00f5nul t\u00f5i 2. septembri \u00f6\u00f6sel Eesti piiri taga tekkinud v\u00e4ike osats\u00fcklon Kagu-Eestisse \u00e4ikese ja tugeva saju. <\/p>\n<p>\u201eSadu algas 1.09 \u00f5htul ja kestis 2.09 hommikuni. Selle ajaga sadas maha mitmel pool 20-50 mm, kohati kuni 71 mm vihma ehk ligi kuu normi jagu,\u201c edastab ta.<\/p>\n<p><img decoding=\"async\" src=\"https:\/\/www.europesays.com\/ee\/wp-content\/uploads\/2026\/09\/e1fa5772-836a-4d37-8219-877e635df727.jpg\" loading=\"lazy\" alt=\"R\u00f5uge valla paisj\u00e4rv\"\/><img decoding=\"async\" src=\"https:\/\/www.europesays.com\/ee\/wp-content\/uploads\/2026\/09\/67209750-67f8-4d89-b8f1-a23e48043e68.jpg\" loading=\"lazy\" alt=\"R\u00f5uge valla paisj\u00e4rv\"\/><img decoding=\"async\" src=\"https:\/\/www.europesays.com\/ee\/wp-content\/uploads\/2026\/09\/3ecbfd3a-7b83-4bbb-81a9-22874ab263e7.jpg\" loading=\"lazy\" alt=\"Sademetehulk Kagu-Eestis. Kaardil on Keskkonnaagentuuri vaatlusjaamad ja m\u00f5ned erajaamad.\"\/><a href=\"http:\/\/maaleht.delfi.ee\/artikkel\/120607188\/suur-ilmaennustus-harukordne-ilmatargad-on-eeloleva-sugise-osas-uksmeelel#dalrel-in-article\" class=\"content-embedded-articles-single__embedded-article\" data-v-6f4d311d=\"\" rel=\"nofollow noopener\" target=\"_blank\"><\/p>\n<p>03.09.2026<\/p>\n<p>SUUR ILMAENNUSTUS | Kas ees ootab pikk vananaistesuvi? Ilmatargad r\u00e4\u00e4givad<\/p>\n<p><\/a>Kuidas see lugu Sind end tundma pani?Saada<a href=\"https:\/\/maaleht.delfi.ee\/artikkel\/120608092\/fotod-paduvihm-tostis-rouge-vallas-paisjarve-ule-kallaste-vesi-uhtus-pinnast-ja-kahjustas-tammi\/kommentaarid\" class=\"button button--primary button--size-auto article-body-bottom__comment article-body-bottom__comment--write\" style=\"\" rel=\"nofollow noopener\" target=\"_blank\">Kommenteeri<\/a><a href=\"https:\/\/maaleht.delfi.ee\/artikkel\/120608092\/fotod-paduvihm-tostis-rouge-vallas-paisjarve-ule-kallaste-vesi-uhtus-pinnast-ja-kahjustas-tammi\/kommentaarid\" class=\"button button--size-auto article-body-bottom__comment article-body-bottom__comment--read\" style=\"\" rel=\"nofollow noopener\" target=\"_blank\">Loe kommentaare (12)<\/a><\/p>\n","protected":false},"excerpt":{"rendered":"P\u00e4\u00e4stemeeskonna kohalej\u00f5udmise hetkel oli veetase tammi kohal umbes 10\u201315 cm. P\u00e4\u00e4stjad selgitasid v\u00e4lja, et truubi sissevoolu oli blokeerinud&hellip;\n","protected":false},"author":2,"featured_media":267482,"comment_status":"","ping_status":"","sticky":false,"template":"","format":"standard","meta":{"footnotes":"","_share_on_mastodon":"0"},"categories":[5],"tags":[26,27,37,33,35,34,36,31,32,21,20315,28,29,19,6002,67884,25,39480,761,23,24,22,10518,20,30],"class_list":["post-267481","post","type-post","status-publish","format-standard","has-post-thumbnail","category-uldised-uudised","tag-breaking-news","tag-breakingnews","tag-ee","tag-eesti","tag-eesti-keel","tag-estonia","tag-estonian","tag-featured-news","tag-featurednews","tag-headlines","tag-kairo-kiitsak","tag-latest-news","tag-latestnews","tag-news","tag-paastjad","tag-paisjarv","tag-populaarseimad-lood","tag-rouge-vald","tag-tamm","tag-top-stories","tag-topstories","tag-uldised-uudised","tag-uleujutus","tag-uudised","tag-viimased-uudised"],"share_on_mastodon":{"url":"https:\/\/pubeurope.com\/@ee\/117206755112355453","error":""},"_links":{"self":[{"href":"https:\/\/www.europesays.com\/ee\/wp-json\/wp\/v2\/posts\/267481","targetHints":{"allow":["GET"]}}],"collection":[{"href":"https:\/\/www.europesays.com\/ee\/wp-json\/wp\/v2\/posts"}],"about":[{"href":"https:\/\/www.europesays.com\/ee\/wp-json\/wp\/v2\/types\/post"}],"author":[{"embeddable":true,"href":"https:\/\/www.europesays.com\/ee\/wp-json\/wp\/v2\/users\/2"}],"replies":[{"embeddable":true,"href":"https:\/\/www.europesays.com\/ee\/wp-json\/wp\/v2\/comments?post=267481"}],"version-history":[{"count":0,"href":"https:\/\/www.europesays.com\/ee\/wp-json\/wp\/v2\/posts\/267481\/revisions"}],"wp:featuredmedia":[{"embeddable":true,"href":"https:\/\/www.europesays.com\/ee\/wp-json\/wp\/v2\/media\/267482"}],"wp:attachment":[{"href":"https:\/\/www.europesays.com\/ee\/wp-json\/wp\/v2\/media?parent=267481"}],"wp:term":[{"taxonomy":"category","embeddable":true,"href":"https:\/\/www.europesays.com\/ee\/wp-json\/wp\/v2\/categories?post=267481"},{"taxonomy":"post_tag","embeddable":true,"href":"https:\/\/www.europesays.com\/ee\/wp-json\/wp\/v2\/tags?post=267481"}],"curies":[{"name":"wp","href":"https:\/\/api.w.org\/{rel}","templated":true}]}}