{"id":267483,"date":"2026-09-03T11:03:19","date_gmt":"2026-09-03T11:03:19","guid":{"rendered":"https:\/\/www.europesays.com\/ee\/267483\/"},"modified":"2026-09-03T11:03:19","modified_gmt":"2026-09-03T11:03:19","slug":"priit-poiklik-kas-oleme-nutiajastuks-koolis-pariselt-valmis","status":"publish","type":"post","link":"https:\/\/www.europesays.com\/ee\/267483\/","title":{"rendered":"Priit P\u00f5iklik: kas oleme nutiajastuks koolis p\u00e4riselt valmis?"},"content":{"rendered":"<p>            <a href=\"https:\/\/www.europesays.com\/ee\/wp-content\/uploads\/2026\/09\/Priit-Poiklik_Kaire-8.jpg\" data-caption=\"\"><img loading=\"lazy\" width=\"696\" height=\"464\" class=\"entry-thumb td-modal-image lazyload\" alt=\"\" title=\"Priit P\u00f5iklik_Kaire (8)\" src=\"https:\/\/www.europesays.com\/ee\/wp-content\/uploads\/2026\/09\/Priit-Poiklik_Kaire-8-696x464.jpg\" decoding=\"async\"  data- data-eio-rwidth=\"696\" data-eio-rheight=\"464\"\/><\/a><\/p>\n<p><a href=\"https:\/\/www.europesays.com\/ee\/wp-content\/uploads\/2026\/09\/Priit-Poiklik_Kaire-8.jpg\"><img loading=\"lazy\" class=\"wp-image-484901 size-full lazyload\" alt=\"\" width=\"1920\" height=\"1280\" src=\"https:\/\/www.europesays.com\/ee\/wp-content\/uploads\/2026\/09\/Priit-Poiklik_Kaire-8.jpg\" decoding=\"async\" data-eio-rwidth=\"1920\" data-eio-rheight=\"1280\"\/><\/a>Priit P\u00f5iklik. Foto Kaire Reiljan<\/p>\n<p>\t\tMaailm meie \u00fcmber on totaalselt muutunud. Tehnoloogia ei kujunda mitte ainult tulevikku, see kujundab juba praegust hetke rohkem, kui me arugi saame. Tehnoloogia, sh tehisaru kasutamise ja nutikuse poolest on lapsed t\u00e4iskasvanuist sammu v\u00f5rra ees.<\/p>\n<p>K\u00e4skudele ja keeldudele \u00fcles ehitatud koolimudel ei kanna enam ammu. See on j\u00e4\u00e4nuk ajast, kus teadmised liikusid \u00fches suunas, ainult \u00f5petajalt \u00f5pilasele. Ja kus tehnoloogia oli t\u00e4iendav abivahend, mitte \u00f5ppimise p\u00e4risosa. T\u00e4nases maailmas ei ole see enam v\u00f5imalik.<\/p>\n<p>Riikliku \u00f5ppekava tehnoloogia- ja tehisaru puudutavad osad vajavad kiiret \u00fcmberkirjutamist, sest praegu puudub seal sisuline arusaam sellest, kuidas lapsed tegelikult \u00f5pivad, milliseid t\u00f6\u00f6riistu nad kasutavad ja millises m\u00f5ttemaailmas nad kasvavad.<\/p>\n<p>Artikkel j\u00e4tkub peale reklaami<img loading=\"lazy\" decoding=\"async\" class=\"aligncenter size-full wp-image-387649\" src=\"https:\/\/www.europesays.com\/ee\/wp-content\/uploads\/2026\/09\/1788433399_62_tasuline.png\" alt=\"\" width=\"688\" height=\"101\" data-eio=\"l\"\/><\/a><\/p>\n<p>Reklaam<\/p>\n","protected":false},"excerpt":{"rendered":"Priit P\u00f5iklik. Foto Kaire Reiljan Maailm meie \u00fcmber on totaalselt muutunud. Tehnoloogia ei kujunda mitte ainult tulevikku, see&hellip;\n","protected":false},"author":2,"featured_media":267484,"comment_status":"","ping_status":"","sticky":false,"template":"","format":"standard","meta":{"footnotes":"","_share_on_mastodon":"0"},"categories":[16],"tags":[37,33,35,173,34,36,140,388,96547],"class_list":["post-267483","post","type-post","status-publish","format-standard","has-post-thumbnail","category-meelelahutus","tag-ee","tag-eesti","tag-eesti-keel","tag-entertainment","tag-estonia","tag-estonian","tag-meelelahutus","tag-nutitelefon","tag-priit-poiklik"],"share_on_mastodon":{"url":"https:\/\/pubeurope.com\/@ee\/117206778456444242","error":""},"_links":{"self":[{"href":"https:\/\/www.europesays.com\/ee\/wp-json\/wp\/v2\/posts\/267483","targetHints":{"allow":["GET"]}}],"collection":[{"href":"https:\/\/www.europesays.com\/ee\/wp-json\/wp\/v2\/posts"}],"about":[{"href":"https:\/\/www.europesays.com\/ee\/wp-json\/wp\/v2\/types\/post"}],"author":[{"embeddable":true,"href":"https:\/\/www.europesays.com\/ee\/wp-json\/wp\/v2\/users\/2"}],"replies":[{"embeddable":true,"href":"https:\/\/www.europesays.com\/ee\/wp-json\/wp\/v2\/comments?post=267483"}],"version-history":[{"count":0,"href":"https:\/\/www.europesays.com\/ee\/wp-json\/wp\/v2\/posts\/267483\/revisions"}],"wp:featuredmedia":[{"embeddable":true,"href":"https:\/\/www.europesays.com\/ee\/wp-json\/wp\/v2\/media\/267484"}],"wp:attachment":[{"href":"https:\/\/www.europesays.com\/ee\/wp-json\/wp\/v2\/media?parent=267483"}],"wp:term":[{"taxonomy":"category","embeddable":true,"href":"https:\/\/www.europesays.com\/ee\/wp-json\/wp\/v2\/categories?post=267483"},{"taxonomy":"post_tag","embeddable":true,"href":"https:\/\/www.europesays.com\/ee\/wp-json\/wp\/v2\/tags?post=267483"}],"curies":[{"name":"wp","href":"https:\/\/api.w.org\/{rel}","templated":true}]}}