{"id":267499,"date":"2026-09-03T11:20:19","date_gmt":"2026-09-03T11:20:19","guid":{"rendered":"https:\/\/www.europesays.com\/ee\/267499\/"},"modified":"2026-09-03T11:20:19","modified_gmt":"2026-09-03T11:20:19","slug":"urmas-paet-venemaa-kulmutatud-varad-tuleb-kasutusele-votta-arvamus","status":"publish","type":"post","link":"https:\/\/www.europesays.com\/ee\/267499\/","title":{"rendered":"Urmas Paet: Venemaa k\u00fclmutatud varad tuleb kasutusele v\u00f5tta | Arvamus"},"content":{"rendered":"<p>Venemaa k\u00fclmutatud vara kasutuselev\u00f5tu juurde tuleb Euroopa Liidu riikidel kiiresti tagasi p\u00f6\u00f6rduda, kirjutab Urmas Paet.<\/p>\n<p><a href=\"https:\/\/www.err.ee\/1610120980\/neli-el-i-riiki-kutsuvad-ules-jatkama-arutelu-venemaa-kulmutatud-varade-ule\" target=\"_blank\" rel=\"noopener nofollow\">Rootsi, Poola, Holland ja Hispaania tegid uuesti algatuse<\/a>, milles kutsutakse \u00fcles taas arutama ja otsustama Venemaa k\u00fclmutatud riiklike varade kasutamise \u00fcle Ukraina toetuseks.<\/p>\n<p>See on v\u00e4ga oluline uus t\u00f5uge, sest Venemaa r\u00fcnnakud Ukraina vastu s\u00fcvenevad ja Euroopa peab tagama Ukrainale prognoositava ja p\u00fcsiva rahalise toetuse, mis on vajalik nii Ukraina rahva kui kogu Euroopa kaitsmiseks. Samal ajal peab Euroopa Liit oluliselt suurendama survet Venemaale ja t\u00f5stma tema j\u00e4tkuva agressioonis\u00f5ja kulusid. See n\u00f5uab edasiste sammude astumist, et Venemaa kannaks l\u00f5ppkokkuv\u00f5ttes enda p\u00f5hjustatud h\u00e4vingu rahalise kahju.<\/p>\n<p>Euroopa Liidu 90 miljardi euro suurune laen Ukrainale aastateks 2026\u20132027 on oluline, kuid ainu\u00fcksi sellest toetusest ei piisa. Ukraina vajab l\u00fchiajaliselt ja pikas perspektiivis t\u00e4iendavat rahalist tuge, sest Venemaa p\u00f5hjustatud h\u00e4vingu hinnanguline maksumus \u00fcletab juba praegu 600 miljardit eurot.<\/p>\n<p>Euroopa Liidus on endiselt k\u00fclmutatud \u00fcle 200 miljardi euro v\u00e4\u00e4rtuses Venemaa riiklikke varasid. On v\u00e4ga piinlik ja kahju, et Euroopa \u00dclemkogu ei suutnud 2025. aasta detsembris j\u00f5uda kokkuleppele nende varade kasutamises Ukraina h\u00fcvanguks. Selle asemel kinnitas n\u00f5ukogu taas, et vastavalt EL-i \u00f5igusele peaksid Venemaa varad j\u00e4\u00e4ma k\u00fclmutatuks, kuni Venemaa l\u00f5petab agressioonis\u00f5ja ja h\u00fcvitab Ukrainale tekitatud kahju.<\/p>\n<p>Rootsi, Poola, Hollandi ja Hispaania uuendatud algatus annab olulise v\u00f5imaluse EL-i riikidele j\u00e4rgmise sammu astumiseks. Seet\u00f5ttu on oluline, et EL-i n\u00f5ukogu avaks kiiresti poliitilise arutelu selle \u00fcle, kuidas Venemaa k\u00fclmutatud riiklikke varasid saab kasutada Ukraina toetuseks.<\/p>\n<p>Euroopa Komisjonil tuleb esitada uus ettepanek aitamaks \u00fcletada takistused, mis ei v\u00f5imaldanud eelmisel aastal EL-i riikidel kokkuleppele j\u00f5udmist, sealhulgas uuendatud v\u00f5imalus Venemaa k\u00fclmutatud varadel p\u00f5hinevaks reparatsioonilaenuks.<\/p>\n<p>Iga lahendus peaks tagama, et v\u00f5imalikud riskid jagunevad \u00f5iglaselt kogu Euroopa Liidus ja et \u00fckski liikmesriik ei kanna ebaproportsionaalset koormust. Selleks tuleks Venemaa k\u00fclmutatud kontod \u00fcle kanda uude EL-i vahendisse, mis kannab k\u00f5iki Venemaa keskpanga ees olevaid juriidilisi kohustusi. See on otsus, mille saab teha Euroopa Liidu toimimise lepingu artikli 122 l\u00f5ike 1 alusel ja mida tuleb kiiresti kaaluda.<\/p>\n<p>P\u00f5him\u00f5te peaks olema selge: Venemaa peab kandma agressioonis\u00f5ja rahalisi kahjusid. Venemaa k\u00fclmutatud riiklike varade edasine kasutamine mitte ainult ei pakuks Ukrainale h\u00e4dasti vajalikku tuge, vaid s\u00e4ilitaks ka majandusliku surve Venemaale.<\/p>\n<p>Euroopa Liit on korduvalt v\u00f5tnud endale kohustuse toetada Ukrainat nii kaua, kui vaja. Tuleb aga ka tagada, et seda kohustust toetavad tegelikud ressursid. Iirimaa praeguse eesistumise ajal Euroopa Liidu N\u00f5ukogus on siin v\u00f5imalik teha olulisi otsuseid.<\/p>\n","protected":false},"excerpt":{"rendered":"Venemaa k\u00fclmutatud vara kasutuselev\u00f5tu juurde tuleb Euroopa Liidu riikidel kiiresti tagasi p\u00f6\u00f6rduda, kirjutab Urmas Paet. Rootsi, Poola, Holland&hellip;\n","protected":false},"author":2,"featured_media":267500,"comment_status":"","ping_status":"","sticky":false,"template":"","format":"standard","meta":{"footnotes":"","_share_on_mastodon":"0"},"categories":[5],"tags":[26,27,37,33,35,34,36,590,31,32,21,28,29,19,25,1049,23,24,262,22,2408,20,96,5975,30],"class_list":["post-267499","post","type-post","status-publish","format-standard","has-post-thumbnail","category-uldised-uudised","tag-breaking-news","tag-breakingnews","tag-ee","tag-eesti","tag-eesti-keel","tag-estonia","tag-estonian","tag-euroopa-liit","tag-featured-news","tag-featurednews","tag-headlines","tag-latest-news","tag-latestnews","tag-news","tag-populaarseimad-lood","tag-soda","tag-top-stories","tag-topstories","tag-ukraina","tag-uldised-uudised","tag-urmas-paet","tag-uudised","tag-venemaa","tag-venemaa-kulmutatud-varad","tag-viimased-uudised"],"share_on_mastodon":{"url":"https:\/\/pubeurope.com\/@ee\/117206844948439856","error":""},"_links":{"self":[{"href":"https:\/\/www.europesays.com\/ee\/wp-json\/wp\/v2\/posts\/267499","targetHints":{"allow":["GET"]}}],"collection":[{"href":"https:\/\/www.europesays.com\/ee\/wp-json\/wp\/v2\/posts"}],"about":[{"href":"https:\/\/www.europesays.com\/ee\/wp-json\/wp\/v2\/types\/post"}],"author":[{"embeddable":true,"href":"https:\/\/www.europesays.com\/ee\/wp-json\/wp\/v2\/users\/2"}],"replies":[{"embeddable":true,"href":"https:\/\/www.europesays.com\/ee\/wp-json\/wp\/v2\/comments?post=267499"}],"version-history":[{"count":0,"href":"https:\/\/www.europesays.com\/ee\/wp-json\/wp\/v2\/posts\/267499\/revisions"}],"wp:featuredmedia":[{"embeddable":true,"href":"https:\/\/www.europesays.com\/ee\/wp-json\/wp\/v2\/media\/267500"}],"wp:attachment":[{"href":"https:\/\/www.europesays.com\/ee\/wp-json\/wp\/v2\/media?parent=267499"}],"wp:term":[{"taxonomy":"category","embeddable":true,"href":"https:\/\/www.europesays.com\/ee\/wp-json\/wp\/v2\/categories?post=267499"},{"taxonomy":"post_tag","embeddable":true,"href":"https:\/\/www.europesays.com\/ee\/wp-json\/wp\/v2\/tags?post=267499"}],"curies":[{"name":"wp","href":"https:\/\/api.w.org\/{rel}","templated":true}]}}