{"id":267509,"date":"2026-09-03T11:31:11","date_gmt":"2026-09-03T11:31:11","guid":{"rendered":"https:\/\/www.europesays.com\/ee\/267509\/"},"modified":"2026-09-03T11:31:11","modified_gmt":"2026-09-03T11:31:11","slug":"palgad-tousid-aastaga-55-protsenti-err","status":"publish","type":"post","link":"https:\/\/www.europesays.com\/ee\/267509\/","title":{"rendered":"Palgad t\u00f5usid aastaga 5,5 protsenti &#8211; ERR"},"content":{"rendered":"<ol>\n<li><a href=\"https:\/\/news.google.com\/rss\/articles\/CBMic0FVX3lxTE5oNm42OUtZY1JyTk8tak5SNWl3Uld2RjlkOUs4QzJ4RlZGUlppbkRKOFVYTkZaM2xXMVJLU0wxSVlaNzJsZjlBUnFRRDN4WDQxci1MME8zRldUcWhuNWlfSHhFZG1FZVFmYVpwaHhIN04zcWc?oc=5\" target=\"_blank\" rel=\"nofollow noopener\">Palgad t\u00f5usid aastaga 5,5 protsenti<\/a>&nbsp;&nbsp;ERR<\/li>\n<li><a href=\"https:\/\/news.google.com\/rss\/articles\/CBMif0FVX3lxTE9veElzUy1hOS1hS2FjQ0d6MFJIZXNWbVN6UmM1SlE5SnNYVWp3bFRISWEtalJ3dFZEZ04zcGRNOVBBNWExVlpmUXlGZzJSSllkMFdUNENxUFdDNnl4ckZaQlNDUDZuOU8zU1pMRGcwM3NhZndiU0tuaVhsU2JSRHc?oc=5\" target=\"_blank\" rel=\"nofollow noopener\">Keskmine palk kerkis 2243 euroni<\/a>&nbsp;&nbsp;\u00c4rip\u00e4ev<\/li>\n<li><a href=\"https:\/\/news.google.com\/rss\/articles\/CBMinAFBVV95cUxPWE5LLTM0LV9wQWVuU1h5SXNzcDNDcm9VUGhhb0cyeXVZelEzZjNmN3BLdkt5RU04RmgwUnI2ZFRKNkRNcjVKdzlaNTdiZkpLVURLNXBrSHk3STJzNmh3akNvQmp4Q3g4cUZPY0FpNHBJNENpZFkxN3dxdG9HNkFwcmJJNVAtQ1B2dFVfVjJfRk5fYlV5Si0xUzFaTlc?oc=5\" target=\"_blank\" rel=\"nofollow noopener\">T\u00f6\u00f6stussektori palgakasv on keskmisest kiirem<\/a>&nbsp;&nbsp;toostusuudised.ee<\/li>\n<li><a href=\"https:\/\/news.google.com\/rss\/articles\/CBMijgFBVV95cUxQWTEzNE4yUWlNVUJHQWZlY0VFZ0ZIWTRNcW84NTIzZHZqVmJpUURGZ0hlX0RZLVRYTHRFb0Rqd3AweVY0X1g4SWNYc29JXzBRN3lRcWhDS3ZoTTFaZDZONHoyZzFlb1lHZUh0YjRRSW94UmdBd2RodnloTlZjQXltZTc1YkpreTdKWHplZjhn?oc=5\" target=\"_blank\" rel=\"nofollow noopener\">Keskmine palk kasvas aastaga 117 euro v\u00f5rra 2243 euroni<\/a>&nbsp;&nbsp;ERR<\/li>\n<li><a href=\"https:\/\/news.google.com\/rss\/articles\/CBMitAFBVV95cUxPbGl0bkZtMjlNSXFILTFmV2VHeWJyeDREN0VxOUZldndpZXMyM1B3Z1lLMnhldm96aUxydlQwZHVqQlY1b05HYXNHN01iLS1XWnZ4VGN3akpmcWdqeW9rRjJFX0tMSmdKOHVuUHdEdU9NR21ObDk5bjNfY2phV2pLTkYyM3o5U3FVOHNna19mQVFwR3pYNm80Q29kWDNPMVdwQzd2d2dVUW40bWhLNFFVYVJGOVg?oc=5\" target=\"_blank\" rel=\"nofollow noopener\">Statistikaamet: Keskmine brutopalk oli teises kvartalis 2243 eurot, mediaanpalk 1840 eurot<\/a>&nbsp;&nbsp;L\u00f5unaeestlane<\/li>\n<\/ol>\n","protected":false},"excerpt":{"rendered":"Palgad t\u00f5usid aastaga 5,5 protsenti&nbsp;&nbsp;ERR Keskmine palk kerkis 2243 euroni&nbsp;&nbsp;\u00c4rip\u00e4ev T\u00f6\u00f6stussektori palgakasv on keskmisest kiirem&nbsp;&nbsp;toostusuudised.ee Keskmine palk kasvas&hellip;\n","protected":false},"author":2,"featured_media":267510,"comment_status":"","ping_status":"","sticky":false,"template":"","format":"standard","meta":{"footnotes":"","_share_on_mastodon":"0"},"categories":[5],"tags":[71,26,27,37,33,35,34,36,31,32,21,28,29,19,999,25,23,24,22,20,1084,30],"class_list":["post-267509","post","type-post","status-publish","format-standard","has-post-thumbnail","category-uldised-uudised","tag-arvamus","tag-breaking-news","tag-breakingnews","tag-ee","tag-eesti","tag-eesti-keel","tag-estonia","tag-estonian","tag-featured-news","tag-featurednews","tag-headlines","tag-latest-news","tag-latestnews","tag-news","tag-poliitika","tag-populaarseimad-lood","tag-top-stories","tag-topstories","tag-uldised-uudised","tag-uudised","tag-valismaa","tag-viimased-uudised"],"share_on_mastodon":{"url":"https:\/\/pubeurope.com\/@ee\/117206888259941360","error":""},"_links":{"self":[{"href":"https:\/\/www.europesays.com\/ee\/wp-json\/wp\/v2\/posts\/267509","targetHints":{"allow":["GET"]}}],"collection":[{"href":"https:\/\/www.europesays.com\/ee\/wp-json\/wp\/v2\/posts"}],"about":[{"href":"https:\/\/www.europesays.com\/ee\/wp-json\/wp\/v2\/types\/post"}],"author":[{"embeddable":true,"href":"https:\/\/www.europesays.com\/ee\/wp-json\/wp\/v2\/users\/2"}],"replies":[{"embeddable":true,"href":"https:\/\/www.europesays.com\/ee\/wp-json\/wp\/v2\/comments?post=267509"}],"version-history":[{"count":0,"href":"https:\/\/www.europesays.com\/ee\/wp-json\/wp\/v2\/posts\/267509\/revisions"}],"wp:featuredmedia":[{"embeddable":true,"href":"https:\/\/www.europesays.com\/ee\/wp-json\/wp\/v2\/media\/267510"}],"wp:attachment":[{"href":"https:\/\/www.europesays.com\/ee\/wp-json\/wp\/v2\/media?parent=267509"}],"wp:term":[{"taxonomy":"category","embeddable":true,"href":"https:\/\/www.europesays.com\/ee\/wp-json\/wp\/v2\/categories?post=267509"},{"taxonomy":"post_tag","embeddable":true,"href":"https:\/\/www.europesays.com\/ee\/wp-json\/wp\/v2\/tags?post=267509"}],"curies":[{"name":"wp","href":"https:\/\/api.w.org\/{rel}","templated":true}]}}