{"id":267515,"date":"2026-09-03T11:39:13","date_gmt":"2026-09-03T11:39:13","guid":{"rendered":"https:\/\/www.europesays.com\/ee\/267515\/"},"modified":"2026-09-03T11:39:13","modified_gmt":"2026-09-03T11:39:13","slug":"engelsi-ohubaasi-juures-tulistati-sojakurjategijast-vene-kindralit-kes-sai-raskelt-haavata","status":"publish","type":"post","link":"https:\/\/www.europesays.com\/ee\/267515\/","title":{"rendered":"Engelsi \u00f5hubaasi juures tulistati s\u00f5jakurjategijast Vene kindralit, kes sai raskelt haavata"},"content":{"rendered":"<p>Kindral sai kaks rasket kuulihaava ning laskja lahkus s\u00fcndmuskohalt. R\u00fcnnak toimus Engelsi \u00f5huv\u00e4ebaasi l\u00e4histel Pobu\u017edenie asulas.<\/p>\n<p>Esialgsetel andmetel s\u00f5itis kindrali juurde mootorrattal isik, kes avas tule. Telegrami-kanali Shot teatel viibis s\u00f5jav\u00e4elane enne seda eramajas ja asutas parasjagu lahkuma. Kindral sai haavata rindkeresse ja n\u00e4kku. Samuti sai kergemalt haavata tema autojuht, kes p\u00f5genes s\u00fcndmuskohalt ja kutsus p\u00e4rast laskja lahkumist kiirabi. K\u00f5rge ohvitser j\u00e4i siiski ellu ning viiakse Moskvasse ravile.<\/p>\n<p>Telegrami-kanali Shot andmeil oli sihtm\u00e4rgiks Nikolai Varhapovit\u0161, kes juhib 22. raskepommitajate diviisi. <a rel=\"noopener nofollow\" target=\"_blank\" href=\"https:\/\/www.delfi.ee\/teema\/25048531\/ukraina\" tag-id=\"25048531\">Ukraina<\/a> on ta kuulutanud s\u00f5jakuritegude eest tagaotsitavaks, s\u00fc\u00fcdistades teda v\u00e4hemalt 61 tsiviilisiku tapmises. Muu hulgas vastutab ta Kr\u00f5v\u00f5i Rihi elurajoonide pommitamise eest 2023. aasta juunis ja Kiievis toimunud pommitamise eest 2024. aasta juulis, kus sai muu hulgas tabamuse lastehaigla. <\/p>\n<p><a href=\"http:\/\/www.delfi.ee\/artikkel\/120309042\/delfi-ukrainas-reportaaz-kiievi-lastehaigla-varemetelt-arst-tuli-laste-elusid-paastma-ja-sai-ise-surma#dalrel-in-article\" class=\"content-embedded-articles-double__embedded-article\" data-v-a517420a=\"\" rel=\"nofollow noopener\" target=\"_blank\"><\/p>\n<p>21.07.2024<\/p>\n<p>DELFI UKRAINAS | Reportaa\u017e Kiievi lastehaigla varemetelt. \u201eArst tuli laste elusid p\u00e4\u00e4stma ja sai ise surma\u201c(25)<\/p>\n<p><\/a><a href=\"http:\/\/www.delfi.ee\/artikkel\/120308184\/delfi-ukrainas-kumneaastane-tutar-kusis-kui-kaua-rusude-all-hingata-saab-kuid-mina-juba-teadsin-et-ta-klassivend-on-surnud#dalrel-in-article\" class=\"content-embedded-articles-double__embedded-article\" data-v-a517420a=\"\" rel=\"nofollow noopener\" target=\"_blank\"><\/p>\n<p>18.07.2024<\/p>\n<p>DELFI UKRAINAS | \u201eK\u00fcmneaastane t\u00fctar k\u00fcsis, kui kaua rusude all hingata saab. Kuid mina juba teadsin, et ta klassivend on surnud\u201c<\/p>\n<p><\/a><\/p>\n<p>Portaali Meduza teatel on Vene tagalas viimase kahe aastaga toimunud v\u00e4hemalt kuus sellist atentaati kindralite vastu, kellest kolm \u00f5nnestus ka tappa. 2024. aasta detsembris tapeti Moskva parklas autopommiga Vene kiirgus- keemia- ja bioloogilise kaitse \u00fclem kindralleitnant Igor Kirillov.  2025. aasta aprillis tapeti Moskva l\u00e4histel autopommiga Vene peastaabi peaoperatsioonide direktoraadi \u00fclema aset\u00e4itja kindralleitnant Jaroslav Moskalik. Sama aasta detsembris tapeti j\u00e4llegi Moskva parklas autopommiga Vene peastaabi operatiiv\u00e4lja\u00f5ppe osakonna juht kindralleitnant Fanil Sarvarov. <\/p>\n<p>T\u00e4navu veebruaris tulistati Moskva kortermaja juures GRU asejuhti kindralleitnant Vladimir Aleksejevit, kes sai raskelt haavata. Augustis toimus plahvatus restoranis, kus t\u00e4histas s\u00fcnnip\u00e4eva Vene kosmosev\u00e4gede v\u00e4rske juht kindralpolkovnik Aleksandr T\u0161aiko.<\/p>\n<p>Kuidas see lugu Sind end tundma pani?Saada<a href=\"https:\/\/www.delfi.ee\/artikkel\/120608160\/engelsi-ohubaasi-juures-tulistati-sojakurjategijast-vene-kindralit-kes-sai-raskelt-haavata\/kommentaarid\" class=\"button button--primary button--size-auto article-body-bottom__comment article-body-bottom__comment--write\" style=\"\" rel=\"nofollow noopener\" target=\"_blank\">Kommenteeri<\/a><a href=\"https:\/\/www.delfi.ee\/artikkel\/120608160\/engelsi-ohubaasi-juures-tulistati-sojakurjategijast-vene-kindralit-kes-sai-raskelt-haavata\/kommentaarid\" class=\"button button--size-auto article-body-bottom__comment article-body-bottom__comment--read\" style=\"\" rel=\"nofollow noopener\" target=\"_blank\">Loe kommentaare (1)<\/a><\/p>\n","protected":false},"excerpt":{"rendered":"Kindral sai kaks rasket kuulihaava ning laskja lahkus s\u00fcndmuskohalt. R\u00fcnnak toimus Engelsi \u00f5huv\u00e4ebaasi l\u00e4histel Pobu\u017edenie asulas. Esialgsetel andmetel&hellip;\n","protected":false},"author":2,"featured_media":267516,"comment_status":"","ping_status":"","sticky":false,"template":"","format":"standard","meta":{"footnotes":"","_share_on_mastodon":"0"},"categories":[14],"tags":[131,130,37,33,35,34,36,107,262,96],"class_list":["post-267515","post","type-post","status-publish","format-standard","has-post-thumbnail","category-ari","tag-ari","tag-business","tag-ee","tag-eesti","tag-eesti-keel","tag-estonia","tag-estonian","tag-soda-ukrainas","tag-ukraina","tag-venemaa"],"share_on_mastodon":{"url":"https:\/\/pubeurope.com\/@ee\/117206919510461228","error":""},"_links":{"self":[{"href":"https:\/\/www.europesays.com\/ee\/wp-json\/wp\/v2\/posts\/267515","targetHints":{"allow":["GET"]}}],"collection":[{"href":"https:\/\/www.europesays.com\/ee\/wp-json\/wp\/v2\/posts"}],"about":[{"href":"https:\/\/www.europesays.com\/ee\/wp-json\/wp\/v2\/types\/post"}],"author":[{"embeddable":true,"href":"https:\/\/www.europesays.com\/ee\/wp-json\/wp\/v2\/users\/2"}],"replies":[{"embeddable":true,"href":"https:\/\/www.europesays.com\/ee\/wp-json\/wp\/v2\/comments?post=267515"}],"version-history":[{"count":0,"href":"https:\/\/www.europesays.com\/ee\/wp-json\/wp\/v2\/posts\/267515\/revisions"}],"wp:featuredmedia":[{"embeddable":true,"href":"https:\/\/www.europesays.com\/ee\/wp-json\/wp\/v2\/media\/267516"}],"wp:attachment":[{"href":"https:\/\/www.europesays.com\/ee\/wp-json\/wp\/v2\/media?parent=267515"}],"wp:term":[{"taxonomy":"category","embeddable":true,"href":"https:\/\/www.europesays.com\/ee\/wp-json\/wp\/v2\/categories?post=267515"},{"taxonomy":"post_tag","embeddable":true,"href":"https:\/\/www.europesays.com\/ee\/wp-json\/wp\/v2\/tags?post=267515"}],"curies":[{"name":"wp","href":"https:\/\/api.w.org\/{rel}","templated":true}]}}