{"id":267527,"date":"2026-09-03T11:52:08","date_gmt":"2026-09-03T11:52:08","guid":{"rendered":"https:\/\/www.europesays.com\/ee\/267527\/"},"modified":"2026-09-03T11:52:08","modified_gmt":"2026-09-03T11:52:08","slug":"lati-parlament-kaalub-riigikontrolli-auditite-laiendamist-seimi-kulutustele-valismaa","status":"publish","type":"post","link":"https:\/\/www.europesays.com\/ee\/267527\/","title":{"rendered":"L\u00e4ti parlament kaalub riigikontrolli auditite laiendamist seimi kulutustele | V\u00e4lismaa"},"content":{"rendered":"<p>L\u00e4ti parlament hakkab arutama, kas lubada riigikontrollil kontrollida seimi kulutusi. L\u00e4ti ringh\u00e4\u00e4ling LSM toob v\u00e4lja, et tegemist on pikaajalise vaidlusega, kuna seim on ainus riigiasutus, mida riigikontroll praegu ei auditeeri.<\/p>\n<p>Neljap\u00e4eval esitasid saadikud parlamendikomisjonidele kaks sarnast eeln\u00f5u. \u00dche neist esitas Roheliste ja Talurahva Liit (ZZS), teise erakond Progressiivid.\u00a0<\/p>\n<p>Progressiivid tegid ettepaneku, et riigikontroll viiks seimis l\u00e4bi finantsauditeid. Seega kontrolliks riigikontroll mitte ainult seda, kas raha on kasutatud seaduslikult, vaid ka seda, kas kulutused olid otstarbekad ja kas nendega saavutati kavandatud eesm\u00e4rk. Kavandatud muudatused j\u00f5ustuksid j\u00e4rgmise aasta alguses.<\/p>\n<p>ZZS-i ettepanek n\u00e4eb aga ette, et riigikontroll auditeeriks seimi eelarve tulusid ja kulusid ning ka riigivaraga tehtud toiminguid, selgitamaks v\u00e4lja nende seaduslikkust ja korrektsust. Kulutuste t\u00f5husust hindaks endiselt parlamendi enda komisjon. Muudatus j\u00f5ustuks j\u00e4rgmise seimi ametiaja alguses.<\/p>\n<p>Seimi \u00f5iguskomisjon vastutab eeln\u00f5ude edasise menetlemise eest. Komisjoni esimees Andrejs Judins ei osanud veel \u00f6elda, millal komisjon nendega tegelema hakkab, kuna enne valimisi tuleb arutada mitmeid teisi olulisi k\u00fcsimusi.<\/p>\n<p>Judins r\u00f5hutas, et riigikontrolli volituste piirid tuleb t\u00e4pselt paika panna. N\u00e4iteks ei peaks riigikontroll hindama parlamendi poliitiliste otsuste otstarbekust, kuid v\u00f5iks kontrollida rahalisi tehinguid, hankeid ja haldusprotsesse.<\/p>\n<p>Ka parlamendifraktsioonid leiavad, et k\u00fcsimust tuleb arutada. Fraktsioonid on \u00fchel meelel vajaduses parandada seimi kulutuste l\u00e4bipaistvust, kuid nende n\u00e4gemused riigikontrolli volituste ulatuse osas l\u00e4hevad lahku.<\/p>\n<p>ZZS-i fraktsiooni juht Harijs Rokpelnis kahtleb samas, kas muudatused j\u00f5utakse enne valimisi vastu v\u00f5tta, sest lisaks seaduste muutmisele tuleks muuta ka seimi kodukorda.<\/p>\n<p><a href=\"https:\/\/www.lsm.lv\/raksts\/zinas\/latvija\/03.09.2026-deputati-velreiz-vertes-vai-laut-valsts-kontrolei-revidet-saeimas-terinus.a661604\/\" target=\"_blank\" rel=\"noopener nofollow\">LSM<\/a> toob veel v\u00e4lja, et Seimi eelarve on viimastel aastatel m\u00e4rkimisv\u00e4\u00e4rselt kasvanud. 2016. aastal aastal oli see veidi alla 24 miljoni euro, t\u00e4navu juba \u00fcle 40 miljoni euro ning l\u00e4hiaastatel peaks eelarve suurenema veelgi.\u00a0<\/p>\n<p>Suure osa kuludest moodustavad liikmete ja t\u00f6\u00f6tajate palgad ning nendega seotud maksed. Praegu kontrollib seimi kulutusi parlamendi enda kontrollis\u00fcsteem, mis on kehtinud juba alates 1923. aastast.<\/p>\n<p>Seim on ainus riigiasutus, mida riigikontroll praegu ei auditeeri. Kuigi poliitikud on viimastele ettepanekutele v\u00e4ljendanud toetust, pole selge, kas muudatused j\u00f5utakse enne oktoobris toimuvaid valimisi vastu v\u00f5tta.<\/p>\n<p>L\u00e4ti riigikontroll ei ole n\u00f5udnud endale \u00f5igust seimi kulutusi auditeerida, kuid samal ajal pole ta ka sellele vastu olnud.<\/p>\n","protected":false},"excerpt":{"rendered":"L\u00e4ti parlament hakkab arutama, kas lubada riigikontrollil kontrollida seimi kulutusi. L\u00e4ti ringh\u00e4\u00e4ling LSM toob v\u00e4lja, et tegemist on&hellip;\n","protected":false},"author":2,"featured_media":267528,"comment_status":"","ping_status":"","sticky":false,"template":"","format":"standard","meta":{"footnotes":"","_share_on_mastodon":"0"},"categories":[80],"tags":[19193,26,27,37,33,35,34,36,31,32,31216,21,28,29,114,95,19,25,8012,21208,23,24,22,20,670,30,92,93,94],"class_list":["post-267527","post","type-post","status-publish","format-standard","has-post-thumbnail","category-maailm","tag-audit","tag-breaking-news","tag-breakingnews","tag-ee","tag-eesti","tag-eesti-keel","tag-estonia","tag-estonian","tag-featured-news","tag-featurednews","tag-fraktsioon","tag-headlines","tag-latest-news","tag-latestnews","tag-lati","tag-maailm","tag-news","tag-populaarseimad-lood","tag-riigikontroll","tag-seim","tag-top-stories","tag-topstories","tag-uldised-uudised","tag-uudised","tag-valimised","tag-viimased-uudised","tag-world","tag-world-news","tag-worldnews"],"share_on_mastodon":{"url":"https:\/\/pubeurope.com\/@ee\/117206971010586144","error":""},"_links":{"self":[{"href":"https:\/\/www.europesays.com\/ee\/wp-json\/wp\/v2\/posts\/267527","targetHints":{"allow":["GET"]}}],"collection":[{"href":"https:\/\/www.europesays.com\/ee\/wp-json\/wp\/v2\/posts"}],"about":[{"href":"https:\/\/www.europesays.com\/ee\/wp-json\/wp\/v2\/types\/post"}],"author":[{"embeddable":true,"href":"https:\/\/www.europesays.com\/ee\/wp-json\/wp\/v2\/users\/2"}],"replies":[{"embeddable":true,"href":"https:\/\/www.europesays.com\/ee\/wp-json\/wp\/v2\/comments?post=267527"}],"version-history":[{"count":0,"href":"https:\/\/www.europesays.com\/ee\/wp-json\/wp\/v2\/posts\/267527\/revisions"}],"wp:featuredmedia":[{"embeddable":true,"href":"https:\/\/www.europesays.com\/ee\/wp-json\/wp\/v2\/media\/267528"}],"wp:attachment":[{"href":"https:\/\/www.europesays.com\/ee\/wp-json\/wp\/v2\/media?parent=267527"}],"wp:term":[{"taxonomy":"category","embeddable":true,"href":"https:\/\/www.europesays.com\/ee\/wp-json\/wp\/v2\/categories?post=267527"},{"taxonomy":"post_tag","embeddable":true,"href":"https:\/\/www.europesays.com\/ee\/wp-json\/wp\/v2\/tags?post=267527"}],"curies":[{"name":"wp","href":"https:\/\/api.w.org\/{rel}","templated":true}]}}