{"id":267541,"date":"2026-09-03T12:04:15","date_gmt":"2026-09-03T12:04:15","guid":{"rendered":"https:\/\/www.europesays.com\/ee\/267541\/"},"modified":"2026-09-03T12:04:15","modified_gmt":"2026-09-03T12:04:15","slug":"liina-gross-inimesed-peavad-teadma-kuidas-metsa-majandatakse-arvamus","status":"publish","type":"post","link":"https:\/\/www.europesays.com\/ee\/267541\/","title":{"rendered":"Liina Gross: inimesed peavad teadma, kuidas metsa majandatakse | Arvamus"},"content":{"rendered":"<p>V\u00e4iksem kokkupuude metsandusega t\u00e4hendab v\u00e4hem teadmisi ja v\u00e4iksemat huvi valdkonnas \u00f5ppimise, t\u00f6\u00f6tamise ja ettev\u00f5tlusega tegelemise vastu, kirjutab Liina Gross.<\/p>\n<p>Eesti metsanduse \u00fcle k\u00e4ivad vaidlused on aastaid keskendunud raiemahtudele, looduskaitsele ja kliimaeesm\u00e4rkidele. Eesti metsanduse tulevikku m\u00e4\u00e4rab k\u00fcll see, kui palju metsa raiutakse v\u00f5i kaitstakse, aga sama oluline on see, kui h\u00e4sti \u00fchiskond metsa m\u00f5istab ja oskab seda hoida.<\/p>\n<p>Ainu\u00fcksi metsa majandamata j\u00e4tmine ei t\u00e4henda veel hoolimist ega teadmisi. Kui inimeste side metsaga n\u00f5rgeneb, muutub keerulisemaks ka teadmistel p\u00f5hinevate ja tasakaalukate metsandusotsuste tegemine.<\/p>\n<p>Kui avalikkus soovib n\u00e4ha vastutustundlikku metsandust, peavad inimesed teadma, kuidas mets kasvab, kuidas seda majandatakse ja miks metsasektor on Eesti jaoks oluline.<\/p>\n<p>Seda t\u00f6\u00f6d on aastaid aidanud teha SA Keskkonnainvesteeringute Keskus (KIK), rahastades tegevusi, mis tutvustavad inimestele metsandust ja aitavad hoida \u00fchiskonna sidet metsaga. Toetatud on metsandusharidust, metsap\u00e4evi, \u00f5ppeprogramme, kogukondlikke algatusi ning teisi projekte, mis annavad noortele ja t\u00e4iskasvanutele v\u00f5imaluse n\u00e4ha metsa mitte ainult puhke- ja looduskeskkonnana, vaid ka taastuva loodusvara ning Eestile olulise majandusharu alusena.<\/p>\n<p>Kaks aastat tagasi otsustas riik suunata KIK-i metsandusprogrammist keskkonnateadlikkuse programmi nii metsandust tutvustavad projektid kui ka nende elluviimiseks ette n\u00e4htud raha. Muudatust p\u00f5hjendati lubadusega, et metsandust tutvustavate tegevuste rahastus sellest ei v\u00e4hene.<\/p>\n<p>Praktikas on keskkonnateadlikkuse programmi tingimused muudetud selliseks, et paljud traditsioonilised metsandust tutvustavad projektid ei vasta enam toetuse saamise kriteeriumidele. K\u00f5nekas on seegi, et programmi tingimustes ei ole metsandust enam isegi nimetatud.<\/p>\n<p>N\u00fc\u00fcdseks on kolmele suuremale metsandust tutvustavale organisatsioonile metsandust tutvustavate projektide jaoks eraldatud KIK-i toetuste kogusumma langenud 2023. aasta tipptasemega v\u00f5rreldes ligikaudu 70 protsenti.<\/p>\n<p>Selle m\u00f5ju ulatub kaugemale \u00fcksikute projektide \u00e4raj\u00e4\u00e4misest. Rahastamisv\u00f5imaluste v\u00e4henemine annab k\u00f5ige kiiremini tunda seal, kus kujunevad inimeste teadmised, hoiakud ja arusaamad loodusest.<\/p>\n<p>Eriti puudutab see noori. Kui noor ei istuta kunagi puud, ei osale metsandust tutvustaval \u00f5ppep\u00e4eval ega puutu metsa kasutamise ja majandamisega kokku mujal kui avalikes vaidlustes v\u00f5i sotsiaalmeedias, v\u00f5ib tal j\u00e4\u00e4da kujunemata terviklik arusaam metsast. Seda v\u00f5\u00f5randumist s\u00fcvendab linnastumine ning inimeste igap\u00e4evase kokkupuute v\u00e4henemine metsanduse ja metsa majandamisega.<\/p>\n<p>&#8220;Mets muutub millekski, mida k\u00fcll v\u00e4\u00e4rtustatakse, kuid mille toimimist ja kasutamist tuntakse j\u00e4rjest v\u00e4hem.&#8221;<\/p>\n<p>\u00dcha rohkem inimesi tunneb metsa eelk\u00f5ige puhke- ja looduskeskkonnana ega pruugi tajuda seda taastuva loodusvarana, mille kestlik kasutamine loob t\u00f6\u00f6kohti, eksporti ja maksutulu. Samuti v\u00f5ib n\u00f5rgeneda arusaam sellest, kuidas metsade majandamine, puidu kasutamine, looduskaitse ja maapiirkondade eluj\u00f5ulisus omavahel seotud on. Mets muutub millekski, mida k\u00fcll v\u00e4\u00e4rtustatakse, kuid mille toimimist ja kasutamist tuntakse j\u00e4rjest v\u00e4hem.<\/p>\n<p>S\u00fcvenev eemaldumine metsandusest m\u00f5jutab ka valdkonna j\u00e4relkasvu. Kui linnas kasvavatel noortel puudub sisuline kokkupuude t\u00e4nap\u00e4evase metsanduse, selle tehnoloogilise arengu ja karj\u00e4\u00e4riv\u00f5imalustega, on neil keeruline n\u00e4ha metsandust atraktiivse tulevikualana. See v\u00f5ib v\u00e4hendada huvi metsanduserialade ja sektoris t\u00f6\u00f6tamise vastu ajal, mil valdkond seisab juba silmitsi kvalifitseeritud spetsialistide nappusega. Nii v\u00f5ib \u00fchiskonna metsast v\u00f5\u00f5randumine muutuda sektori jaoks ka konkurentsiv\u00f5ime probleemiks.<\/p>\n<p>V\u00e4hem teadmisi m\u00f5jutab omakorda avaliku arutelu kvaliteeti. Inimene usaldab paremini seda, mida ta tunneb ja m\u00f5istab. Kui vahetu kontakt metsandusega v\u00e4heneb, tekib teadmiste vaakum, mida t\u00e4idavad kergesti emotsioonid, hirmud, vastandumised ja lihtsad loosungid.<\/p>\n<p>Paradoksaalselt toimub metsandust tutvustavate tegevuste rahastamise v\u00e4henemine ajal, mil metsandus vajaks just rohkem \u00fchiskondlikku dialoogi ja erinevate vaatenurkade sisulist m\u00f5istmist.<\/p>\n<p>Samal ajal j\u00e4\u00e4b j\u00e4rjest suurem vastutus metsandusalase teadlikkuse hoidmise eest metsasektori enda kanda. Seda ajal, mil metsasektori tegutsemisruumi m\u00f5jutavad \u00fcha enam erinevad piirangud ja regulatsioonid. Kas on m\u00f5istlik ja \u00f5iglane eeldada, et teadmiste ja \u00fchiskondliku sideme hoidmine metsandusega j\u00e4\u00e4b j\u00e4rjest enam ainult sektori enda \u00fclesandeks?<\/p>\n<p>Nii tekib n\u00f5iaring. V\u00e4iksem kokkupuude metsandusega t\u00e4hendab v\u00e4hem teadmisi ja v\u00e4iksemat huvi valdkonnas \u00f5ppimise, t\u00f6\u00f6tamise ja ettev\u00f5tlusega tegelemise vastu. See v\u00f5ib omakorda n\u00f5rgendada sektori konkurentsiv\u00f5imet ja majanduslikku panust ning l\u00f5puks v\u00e4hendada ka riigile laekuvat maksutulu. Nii v\u00f5ib praegune kokkuhoid metsandushariduse ja -teadlikkuse arvelt t\u00e4hendada homme v\u00e4iksemaid v\u00f5imalusi rahastada ka teisi \u00fchiskonnale vajalikke teenuseid.<\/p>\n<p>Riigi \u00fclesanne on tagada, et \u00fchiskonnas s\u00e4iliksid teadmised metsa v\u00e4\u00e4rtusest tervikuna ning oskus m\u00f5ista metsandusega seotud valikuid. Selleks on vaja investeerida haridusse, teavitust\u00f6\u00f6sse ja praktilistesse v\u00f5imalustesse metsandusega kokku puutuda. Niisiis on kaalul see, kas Eesti soovib s\u00e4ilitada \u00fchiskonna teadmised ja sideme valdkonnaga, mis on aastak\u00fcmneid loonud t\u00f6\u00f6kohti, eksporti ja maksutulu.<\/p>\n","protected":false},"excerpt":{"rendered":"V\u00e4iksem kokkupuude metsandusega t\u00e4hendab v\u00e4hem teadmisi ja v\u00e4iksemat huvi valdkonnas \u00f5ppimise, t\u00f6\u00f6tamise ja ettev\u00f5tlusega tegelemise vastu, kirjutab Liina&hellip;\n","protected":false},"author":2,"featured_media":267542,"comment_status":"","ping_status":"","sticky":false,"template":"","format":"standard","meta":{"footnotes":"","_share_on_mastodon":"0"},"categories":[12],"tags":[26,27,37,33,35,103611,34,36,31,32,21,304,28,29,103610,5176,28860,3086,19,25,23,24,22,20,30],"class_list":["post-267541","post","type-post","status-publish","format-standard","has-post-thumbnail","category-eesti","tag-breaking-news","tag-breakingnews","tag-ee","tag-eesti","tag-eesti-keel","tag-eesti-metsaselts","tag-estonia","tag-estonian","tag-featured-news","tag-featurednews","tag-headlines","tag-keskkond","tag-latest-news","tag-latestnews","tag-liina-gross","tag-mets","tag-metsamajandamine","tag-metsandus","tag-news","tag-populaarseimad-lood","tag-top-stories","tag-topstories","tag-uldised-uudised","tag-uudised","tag-viimased-uudised"],"share_on_mastodon":{"url":"https:\/\/pubeurope.com\/@ee\/117207018226232661","error":""},"_links":{"self":[{"href":"https:\/\/www.europesays.com\/ee\/wp-json\/wp\/v2\/posts\/267541","targetHints":{"allow":["GET"]}}],"collection":[{"href":"https:\/\/www.europesays.com\/ee\/wp-json\/wp\/v2\/posts"}],"about":[{"href":"https:\/\/www.europesays.com\/ee\/wp-json\/wp\/v2\/types\/post"}],"author":[{"embeddable":true,"href":"https:\/\/www.europesays.com\/ee\/wp-json\/wp\/v2\/users\/2"}],"replies":[{"embeddable":true,"href":"https:\/\/www.europesays.com\/ee\/wp-json\/wp\/v2\/comments?post=267541"}],"version-history":[{"count":0,"href":"https:\/\/www.europesays.com\/ee\/wp-json\/wp\/v2\/posts\/267541\/revisions"}],"wp:featuredmedia":[{"embeddable":true,"href":"https:\/\/www.europesays.com\/ee\/wp-json\/wp\/v2\/media\/267542"}],"wp:attachment":[{"href":"https:\/\/www.europesays.com\/ee\/wp-json\/wp\/v2\/media?parent=267541"}],"wp:term":[{"taxonomy":"category","embeddable":true,"href":"https:\/\/www.europesays.com\/ee\/wp-json\/wp\/v2\/categories?post=267541"},{"taxonomy":"post_tag","embeddable":true,"href":"https:\/\/www.europesays.com\/ee\/wp-json\/wp\/v2\/tags?post=267541"}],"curies":[{"name":"wp","href":"https:\/\/api.w.org\/{rel}","templated":true}]}}