{"id":267551,"date":"2026-09-03T12:14:14","date_gmt":"2026-09-03T12:14:14","guid":{"rendered":"https:\/\/www.europesays.com\/ee\/267551\/"},"modified":"2026-09-03T12:14:14","modified_gmt":"2026-09-03T12:14:14","slug":"video-sbu-avaldas-salvestuse-milles-ukraina-eest-sodinud-vene-vabatahtlik-tunnistab-sidet-fsb-ga","status":"publish","type":"post","link":"https:\/\/www.europesays.com\/ee\/267551\/","title":{"rendered":"VIDEO | SBU avaldas salvestuse, milles Ukraina eest s\u00f5dinud Vene vabatahtlik tunnistab sidet FSB-ga"},"content":{"rendered":"<p>\u201eAvastati Ukraina kaitseministeeriumi luure peavalitsuse Rahvusvahelise Leegioni Vene Vabatahtliku Korpuse komand\u00f6ri aset\u00e4itja kontaktid Vene F\u00f6deratsiooni eriteenistustega. Nimetatud isik pidi ette valmistama r\u00fcnnaku Vene opositsiooniliikumise \u00fche juhi vastu, kes sel ajal pidi Ukrainasse saabuma. Olemasolevatel andmetel sai see s\u00f5jav\u00e4elane suhtlemise k\u00e4igus Vene F\u00f6deratsiooni eriteenistuste esindajatega \u00fclesande likvideerida rahalise tasu eest ka teisi Ukraina kaitsej\u00f5udude s\u00f5jav\u00e4elasi,\u201c teatas SBU.<\/p>\n<p>SBU s\u00f5nul t\u00f6\u00f6tati m\u00f5rva \u00e4rahoidmise kallal, mida plaaniti <a rel=\"noopener nofollow\" target=\"_blank\" href=\"https:\/\/www.delfi.ee\/teema\/3\/venemaa\" tag-id=\"3\">Venemaa<\/a> f\u00f6deraalse julgeolekuteenistuse (<a rel=\"noopener nofollow\" target=\"_blank\" href=\"https:\/\/www.delfi.ee\/teema\/56450460\/fsb\" tag-id=\"56450460\">FSB<\/a>) tellimusel Ukraina iseseisvusp\u00e4eval.<\/p>\n<p>SBU teatel tunnistas Kaplunov kontakte FSB-ga ja andis SBU-le informatsiooni. \u201eSee v\u00f5imaldas Ukraina eriteenistusel teha kindlaks kogu isikute ahela, kes osalesid plaanitud kuriteos,\u201c teatas SBU.<\/p>\n<p>SBU avaldas video, milles Kaplunov \u00fctleb, et temaga v\u00f5ttis \u00fchendust inimene Venemaalt, kes tegutses FSB huvides, ning teda p\u00fc\u00fcti v\u00e4rvata Ukraina kaitsej\u00f5udude liikmete ja teiste isikute likvideerimiseks.<\/p>\n<p>Kaplunovi advokaat Tarass Borovsk\u00f5i \u00fctles Ukrajinska Pravdale, et video on tehtud surve ja tapmis\u00e4hvarduste abil.<\/p>\n<p>\u201eSee video on \u00fcles v\u00f5etud vastu tahtmist surve all, piinamise ja tapmis\u00e4hvardustega. See on tehtud selleks, et \u00f5igustada moraalselt inimese ebaseaduslikku r\u00f6\u00f6vimist. See on avaldatud just n\u00fc\u00fcd, et SBU k\u00f5rgemat juhtkonda p\u00e4rast eilset relvastamata inimeste tulistamist kuidagi puhtaks pesta,\u201c \u00fctles Borovsk\u00f5i.<\/p>\n<p>SBU teatas aga, et leidis Kaplunovi telefonist kirjavahetuse FSB esindajaga.<\/p>\n<p><img decoding=\"async\" src=\"https:\/\/www.europesays.com\/ee\/wp-content\/uploads\/2026\/09\/ea8072e4-afe8-463b-84c3-ce14df28bc7f.jpg\" loading=\"lazy\" alt=\"SBU\"\/><img decoding=\"async\" src=\"https:\/\/www.europesays.com\/ee\/wp-content\/uploads\/2026\/09\/085de3ce-42d1-48b5-81fa-265683efa336.jpg\" loading=\"lazy\" alt=\"SBU\"\/><img decoding=\"async\" src=\"https:\/\/www.europesays.com\/ee\/wp-content\/uploads\/2026\/09\/e622f3ea-f081-4e75-ada8-d7da211f7f1c.jpg\" loading=\"lazy\" alt=\"SBU\"\/><img decoding=\"async\" src=\"https:\/\/www.europesays.com\/ee\/wp-content\/uploads\/2026\/09\/f1a9f09d-90d4-4fa9-a9d4-fe3d72b5a500.jpg\" loading=\"lazy\" alt=\"SBU\"\/>Kuidas see lugu Sind end tundma pani?Saada<a href=\"https:\/\/www.delfi.ee\/artikkel\/120608147\/video-sbu-avaldas-salvestuse-milles-ukraina-eest-sodinud-vene-vabatahtlik-tunnistab-sidet-fsb-ga\/kommentaarid\" class=\"button button--primary button--size-auto article-body-bottom__comment article-body-bottom__comment--write\" style=\"\" rel=\"nofollow noopener\" target=\"_blank\">Kommenteeri<\/a><a href=\"https:\/\/www.delfi.ee\/artikkel\/120608147\/video-sbu-avaldas-salvestuse-milles-ukraina-eest-sodinud-vene-vabatahtlik-tunnistab-sidet-fsb-ga\/kommentaarid\" class=\"button button--size-auto article-body-bottom__comment article-body-bottom__comment--read\" style=\"\" rel=\"nofollow noopener\" target=\"_blank\">Loe kommentaare (7)<\/a><\/p>\n","protected":false},"excerpt":{"rendered":"\u201eAvastati Ukraina kaitseministeeriumi luure peavalitsuse Rahvusvahelise Leegioni Vene Vabatahtliku Korpuse komand\u00f6ri aset\u00e4itja kontaktid Vene F\u00f6deratsiooni eriteenistustega. Nimetatud isik&hellip;\n","protected":false},"author":2,"featured_media":267552,"comment_status":"","ping_status":"","sticky":false,"template":"","format":"standard","meta":{"footnotes":"","_share_on_mastodon":"0"},"categories":[80],"tags":[26,27,37,33,35,34,36,31,32,9251,21,1908,28,29,95,19,25,7551,107,23,24,262,22,20,96,30,92,93,94],"class_list":["post-267551","post","type-post","status-publish","format-standard","has-post-thumbnail","category-maailm","tag-breaking-news","tag-breakingnews","tag-ee","tag-eesti","tag-eesti-keel","tag-estonia","tag-estonian","tag-featured-news","tag-featurednews","tag-fsb","tag-headlines","tag-hur","tag-latest-news","tag-latestnews","tag-maailm","tag-news","tag-populaarseimad-lood","tag-sbu","tag-soda-ukrainas","tag-top-stories","tag-topstories","tag-ukraina","tag-uldised-uudised","tag-uudised","tag-venemaa","tag-viimased-uudised","tag-world","tag-world-news","tag-worldnews"],"share_on_mastodon":{"url":"https:\/\/pubeurope.com\/@ee\/117207057890402345","error":""},"_links":{"self":[{"href":"https:\/\/www.europesays.com\/ee\/wp-json\/wp\/v2\/posts\/267551","targetHints":{"allow":["GET"]}}],"collection":[{"href":"https:\/\/www.europesays.com\/ee\/wp-json\/wp\/v2\/posts"}],"about":[{"href":"https:\/\/www.europesays.com\/ee\/wp-json\/wp\/v2\/types\/post"}],"author":[{"embeddable":true,"href":"https:\/\/www.europesays.com\/ee\/wp-json\/wp\/v2\/users\/2"}],"replies":[{"embeddable":true,"href":"https:\/\/www.europesays.com\/ee\/wp-json\/wp\/v2\/comments?post=267551"}],"version-history":[{"count":0,"href":"https:\/\/www.europesays.com\/ee\/wp-json\/wp\/v2\/posts\/267551\/revisions"}],"wp:featuredmedia":[{"embeddable":true,"href":"https:\/\/www.europesays.com\/ee\/wp-json\/wp\/v2\/media\/267552"}],"wp:attachment":[{"href":"https:\/\/www.europesays.com\/ee\/wp-json\/wp\/v2\/media?parent=267551"}],"wp:term":[{"taxonomy":"category","embeddable":true,"href":"https:\/\/www.europesays.com\/ee\/wp-json\/wp\/v2\/categories?post=267551"},{"taxonomy":"post_tag","embeddable":true,"href":"https:\/\/www.europesays.com\/ee\/wp-json\/wp\/v2\/tags?post=267551"}],"curies":[{"name":"wp","href":"https:\/\/api.w.org\/{rel}","templated":true}]}}