{"id":267567,"date":"2026-09-03T12:27:17","date_gmt":"2026-09-03T12:27:17","guid":{"rendered":"https:\/\/www.europesays.com\/ee\/267567\/"},"modified":"2026-09-03T12:27:17","modified_gmt":"2026-09-03T12:27:17","slug":"tammekal-libises-kaest-voimalus-teha-klubi-ajalugu-soccernet-ee","status":"publish","type":"post","link":"https:\/\/www.europesays.com\/ee\/267567\/","title":{"rendered":"Tammekal libises k\u00e4est v\u00f5imalus teha klubi ajalugu &#8211; Soccernet.ee"},"content":{"rendered":"<p><a href=\"https:\/\/soccernet.ee\/fotod\/pl-fc-flora-tartu-jk-tammeka\" rel=\"nofollow noopener\" target=\"_blank\"><img decoding=\"async\" src=\"https:\/\/www.europesays.com\/ee\/wp-content\/uploads\/2026\/09\/1788380253.jpg\" alt=\"Tammeka peatreener Karel Voolaid. Foto: Anna Andreas\"\/><\/a>&#13;\n<\/p>\n<p>Tartu Tammeka neljam\u00e4nguline v\u00f5iduseeria Premium liigas l\u00f5ppes A. Le Coq Arenal, kus j\u00e4\u00e4di t\u00e4navu esmakordselt alla FC Florale.<\/p>\n<p>Tammeka kaotas augusti alguses Premium liigas 1:5 N\u00f5mme Kaljule, kuid seej\u00e4rel alistati j\u00e4rjest 1:0 N\u00f5mme United, 1:0 Kuressaare, 3:1 Flora ja 2:0 Narva Trans, korrates klubi pikimat v\u00f5iduseeriat Eesti k\u00f5rgliigas. J\u00e4rgmine tippmark ehk viies j\u00e4rjestikune v\u00f5it j\u00e4i Karel Voolaidi k\u00e4e all k\u00e4ttesaamatuks, sest 2:3 kaotus Florale l\u00f5petas seeria.&#13;\n<\/p>\n<p>Tammeka on klubi ajaloos neli k\u00f5rgliiga m\u00e4ngu j\u00e4rjest v\u00f5itnud \u00fcheksa korda. Eelmine neljam\u00e4nguline v\u00f5iduseeria p\u00e4rines 2019. aasta l\u00f5pust ja 2020. aasta algusest, kui meeskonda juhendas Kaido Koppel. Praegustest m\u00e4ngijatest olid ka siis Tammeka koosseisus Patrick Genro Veelma, Reio Laabus, Tristan Koskor ja Carl Kaiser Kiidj\u00e4rv.&#13;\n<\/p>\n<p>Tammeka neljam\u00e4ngulised v\u00f5iduseeriad k\u00f5rgliigas:<\/p>\n<ul>&#13;<\/p>\n<li>2026 august: 1:0 N\u00f5mme United, 1:0 Kuressaare, 3:1 Flora, 2:0 Trans<\/li>\n<p>&#13;<\/p>\n<li>2019 oktoober-november ja 2020 m\u00e4rts: 2:1 Tallinna Kalev, 3:2 Paide, 3:2 Kalju, 2:1 Tulevik<\/li>\n<p>&#13;<\/p>\n<li>2019 august: 2:0 Maardu, 1:0 Flora, 6:4 Trans, 1:0 Kuressaare<\/li>\n<p>&#13;<\/p>\n<li>2018 juuli-august: 2:1 Trans, 1:0 Levadia, 1:0 Tulevik, 3:1 Kuressaare<\/li>\n<p>&#13;<\/p>\n<li>2011 aprill-mai: 3:2 Sillam\u00e4e Kalev, 2:1 Kuressaare, 3:0 Lasnam\u00e4e Ajax, 5:0 Lasnam\u00e4e Ajax<\/li>\n<p>&#13;<\/p>\n<li>2007 september: 2:0 Lasnam\u00e4e Ajax, 3:0 Vaprus, 4:0 Vaprus, 5:1 Lasnam\u00e4e Ajax<\/li>\n<p>&#13;<\/p>\n<li>2007 juuni-juuli: 2:0 Lasnam\u00e4e Ajax, 1:0 Vaprus, 3:1 Tulevik, 4:1 Tallinna Kalev<\/li>\n<p>&#13;<\/p>\n<li>2006 september: 2:0 Valga Warrior, 2:1 Tulevik, 1:0 Tulevik, 5:0 Valga Warrior<\/li>\n<p>&#13;<\/p>\n<li>2006 aprill-mai: 2:0 Vaprus, 4:1 Lasnam\u00e4e Ajax, 2:1 Lasnam\u00e4e Ajax, 2:0 Vaprus<\/li>\n<p>&#13;\n<\/ul>\n<p>Tammeka on t\u00e4navu Premium liigas kogunud 38 punkti (12 v\u00f5itu, 2 viiki, 10 kaotust) ja asub tabelis viiendal kohal, kaotades Levadiale 21, Florale seitsme, Kaljule kuue ja Paidele nelja punktiga. Tammeka ei ole kunagi Eesti k\u00f5rgliigas esinelikusse j\u00f5udnud, parimal juhul on neli korda saadud viies koht (2007, 2019, 2020, 2024).&#13;\n<\/p>\n<p>Tammeka j\u00e4rgmine liigam\u00e4ng toimub 6. septembril, kui v\u00f5\u00f5rsil kohtutakse Harjuga, kes paikneb 31 punktiga kuuendal kohal. Seej\u00e4rel m\u00e4ngitakse kodus Paidega, v\u00f5\u00f5rsil Kuressaarega, v\u00f5\u00f5rsil Levadiaga ja kodus Kaljuga.<\/p>\n","protected":false},"excerpt":{"rendered":"&#13; Tartu Tammeka neljam\u00e4nguline v\u00f5iduseeria Premium liigas l\u00f5ppes A. Le Coq Arenal, kus j\u00e4\u00e4di t\u00e4navu esmakordselt alla FC&hellip;\n","protected":false},"author":2,"featured_media":267568,"comment_status":"","ping_status":"","sticky":false,"template":"","format":"standard","meta":{"footnotes":"","_share_on_mastodon":"0"},"categories":[5],"tags":[26,27,103612,37,33,35,34,36,31,32,21,54369,30899,42400,12591,12842,75794,28,29,837,19,14228,25,167,75796,701,702,23,24,14870,22,20,14230,30,30900],"class_list":["post-267567","post","type-post","status-publish","format-standard","has-post-thumbnail","category-uldised-uudised","tag-breaking-news","tag-breakingnews","tag-cal-kaiser-kiidjarv","tag-ee","tag-eesti","tag-eesti-keel","tag-estonia","tag-estonian","tag-featured-news","tag-featurednews","tag-headlines","tag-kaido-koppel","tag-karel-voolaid","tag-kiidjarv","tag-koppel","tag-koskor","tag-laabus","tag-latest-news","tag-latestnews","tag-meistriliiga","tag-news","tag-patrick-genro-veelma","tag-populaarseimad-lood","tag-premium-liiga","tag-reio-laabus","tag-tammeka","tag-tartu-tammeka","tag-top-stories","tag-topstories","tag-tristan-koskor","tag-uldised-uudised","tag-uudised","tag-veelma","tag-viimased-uudised","tag-voolaid"],"share_on_mastodon":{"url":"","error":"Validation failed: Text character limit of 500 exceeded"},"_links":{"self":[{"href":"https:\/\/www.europesays.com\/ee\/wp-json\/wp\/v2\/posts\/267567","targetHints":{"allow":["GET"]}}],"collection":[{"href":"https:\/\/www.europesays.com\/ee\/wp-json\/wp\/v2\/posts"}],"about":[{"href":"https:\/\/www.europesays.com\/ee\/wp-json\/wp\/v2\/types\/post"}],"author":[{"embeddable":true,"href":"https:\/\/www.europesays.com\/ee\/wp-json\/wp\/v2\/users\/2"}],"replies":[{"embeddable":true,"href":"https:\/\/www.europesays.com\/ee\/wp-json\/wp\/v2\/comments?post=267567"}],"version-history":[{"count":0,"href":"https:\/\/www.europesays.com\/ee\/wp-json\/wp\/v2\/posts\/267567\/revisions"}],"wp:featuredmedia":[{"embeddable":true,"href":"https:\/\/www.europesays.com\/ee\/wp-json\/wp\/v2\/media\/267568"}],"wp:attachment":[{"href":"https:\/\/www.europesays.com\/ee\/wp-json\/wp\/v2\/media?parent=267567"}],"wp:term":[{"taxonomy":"category","embeddable":true,"href":"https:\/\/www.europesays.com\/ee\/wp-json\/wp\/v2\/categories?post=267567"},{"taxonomy":"post_tag","embeddable":true,"href":"https:\/\/www.europesays.com\/ee\/wp-json\/wp\/v2\/tags?post=267567"}],"curies":[{"name":"wp","href":"https:\/\/api.w.org\/{rel}","templated":true}]}}