{"id":267569,"date":"2026-09-03T12:33:20","date_gmt":"2026-09-03T12:33:20","guid":{"rendered":"https:\/\/www.europesays.com\/ee\/267569\/"},"modified":"2026-09-03T12:33:20","modified_gmt":"2026-09-03T12:33:20","slug":"galerii-%e2%9f%a9-koomik-ja-raadiohaal-sten-erik-allikas-saadeti-viimsele-teele","status":"publish","type":"post","link":"https:\/\/www.europesays.com\/ee\/267569\/","title":{"rendered":"GALERII \u27e9 Koomik ja raadioh\u00e4\u00e4l Sten Erik Allikas saadeti viimsele teele"},"content":{"rendered":"<p class=\"isSelectedEnd\">Sten Erik Allikat tulid viimsele teele saatma tema l\u00e4hedased, s\u00f5brad, kolleegid, f\u00e4nnid ja teised kaasteelised.<\/p>\n<p>P\u00e4rast \u00e4rasaatmist koguneti Suhe baaris, et \u00fcheskoos Sten Erikut meenutada.<\/p>\n<p>Sten Erik Allikas suri 26. augustil 44-aastaselt. Kurvast uudisest andis samal p\u00e4eval teada Huumoriklubi, kes meenutas Sten Erikut kui sooja ja abivalmis s\u00f5pra ning kolleegi.<\/p>\n<p>\u00abT\u00e4na on \u00fcks uskumatult valus p\u00e4ev, sest meie seast on lahkunud armastatud s\u00f5ber ja kolleeg Sten Erik Allikas. Saame ainult meenutada ilusaid hetki ja siiraid vestlusi, sest kahjuks me neid Sinuga enam juurde ei loo!\u00bb kirjutas Huumoriklubi.<\/p>\n<p>\u00abM\u00f5rudat lohutust proovime leida faktist, et k\u00f5ik m\u00e4lestused, mis Steni nimi p\u00e4he toob, on t\u00e4is naeru ja s\u00f5prust. Sten oli uskumatult abivalmis ja soe inimene, kes oli valmis ka enda heaolu k\u00f5rvale j\u00e4tma, et inimestel tema \u00fcmber oleks kergem ja parem!\u00bb<\/p>\n<p>Postituse l\u00f5petas Huumoriklubi s\u00fcdamliku \u00fcleskutsega: \u00ab\u00dctle juba t\u00e4na oma s\u00f5pradele, kui kallid nad sulle on, sest homme v\u00f5ib olla liiga hilja.\u00bb<\/p>\n","protected":false},"excerpt":{"rendered":"Sten Erik Allikat tulid viimsele teele saatma tema l\u00e4hedased, s\u00f5brad, kolleegid, f\u00e4nnid ja teised kaasteelised. P\u00e4rast \u00e4rasaatmist koguneti&hellip;\n","protected":false},"author":2,"featured_media":267570,"comment_status":"","ping_status":"","sticky":false,"template":"","format":"standard","meta":{"footnotes":"","_share_on_mastodon":"0"},"categories":[16],"tags":[37,33,35,137,152,153,173,151,34,36,148,154,142,143,140,144,141,146,147,145,138,150,155,139,149],"class_list":["post-267569","post","type-post","status-publish","format-standard","has-post-thumbnail","category-meelelahutus","tag-ee","tag-eesti","tag-eesti-keel","tag-elu","tag-elu-24","tag-elu24-ee","tag-entertainment","tag-erna-husko","tag-estonia","tag-estonian","tag-foto","tag-koroonaviirus","tag-kuulsus","tag-live","tag-meelelahutus","tag-muusika","tag-pidu","tag-pommuudis","tag-reality","tag-saade","tag-saagim","tag-seks","tag-silvia-ilves","tag-staar","tag-video"],"share_on_mastodon":{"url":"https:\/\/pubeurope.com\/@ee\/117207132196165776","error":""},"_links":{"self":[{"href":"https:\/\/www.europesays.com\/ee\/wp-json\/wp\/v2\/posts\/267569","targetHints":{"allow":["GET"]}}],"collection":[{"href":"https:\/\/www.europesays.com\/ee\/wp-json\/wp\/v2\/posts"}],"about":[{"href":"https:\/\/www.europesays.com\/ee\/wp-json\/wp\/v2\/types\/post"}],"author":[{"embeddable":true,"href":"https:\/\/www.europesays.com\/ee\/wp-json\/wp\/v2\/users\/2"}],"replies":[{"embeddable":true,"href":"https:\/\/www.europesays.com\/ee\/wp-json\/wp\/v2\/comments?post=267569"}],"version-history":[{"count":0,"href":"https:\/\/www.europesays.com\/ee\/wp-json\/wp\/v2\/posts\/267569\/revisions"}],"wp:featuredmedia":[{"embeddable":true,"href":"https:\/\/www.europesays.com\/ee\/wp-json\/wp\/v2\/media\/267570"}],"wp:attachment":[{"href":"https:\/\/www.europesays.com\/ee\/wp-json\/wp\/v2\/media?parent=267569"}],"wp:term":[{"taxonomy":"category","embeddable":true,"href":"https:\/\/www.europesays.com\/ee\/wp-json\/wp\/v2\/categories?post=267569"},{"taxonomy":"post_tag","embeddable":true,"href":"https:\/\/www.europesays.com\/ee\/wp-json\/wp\/v2\/tags?post=267569"}],"curies":[{"name":"wp","href":"https:\/\/api.w.org\/{rel}","templated":true}]}}