{"id":267575,"date":"2026-09-03T12:36:14","date_gmt":"2026-09-03T12:36:14","guid":{"rendered":"https:\/\/www.europesays.com\/ee\/267575\/"},"modified":"2026-09-03T12:36:14","modified_gmt":"2026-09-03T12:36:14","slug":"malta-uuriva-ajakirjaniku-morva-korraldamises-suudistatud-arimees-moisteti-oigeks","status":"publish","type":"post","link":"https:\/\/www.europesays.com\/ee\/267575\/","title":{"rendered":"Malta uuriva ajakirjaniku m\u00f5rva korraldamises s\u00fc\u00fcdistatud \u00e4rimees m\u00f5isteti \u00f5igeks"},"content":{"rendered":"<p>53-aastase Caruana Galizia m\u00f5rv 2017. aastal kutsus esile enneolematud meeleavaldused ja kukutas Malta valitsuse, vahendab AFP.<\/p>\n<p>Caruana Galizia perekond teatas oma avalduses, et Fenechi \u00f5igeks m\u00f5istmine j\u00e4tab ta ilma \u00f5iglusest, mille ta on \u00e4ra teeninud.<\/p>\n<p>Caruana Galizia poeg Matthew Caruana \u00fctles, et kohus tegi kohutava vea, millest riik ei pruugi kunagi \u00fcle saada.<\/p>\n<p>Euroopa Pressi- ja Meediavabaduse Keskus teatas, et kohtuotsus saatis neile, kes ajakirjanikke r\u00fcndavad ja tapavad, h\u00e4iriva s\u00f5numi.<\/p>\n<p>Caruana Galizia paljastas Maltal korruptsiooni k\u00f5rgeimal tasemal ning heitis valgust \u00e4rimeeste ja poliitilise eliidi h\u00e4maratele sidemetele.<\/p>\n<p>M\u00f5rv viis poliitilise kriisi ja tollase peaministri Joseph Muscati tagasiastumiseni 2020. aasta jaanuaris p\u00e4rast suurt pahameelt ja massimeeleavaldusi, sest teda s\u00fc\u00fcdistati katsetes kaitsta s\u00f5pru ja liitlasi uurimise eest.<\/p>\n<p>2021. aasta juulis avaldati kaks aastat kestnud avaliku juurdluse tulemused, mille j\u00e4rgi peaks riik valitsuse loodud karistamatuse \u00f5hkkonna t\u00f5ttu Caruana Galizia m\u00f5rva eest vastutuse oma \u00f5lule v\u00f5tma.<\/p>\n<p>Fenech peeti kinni 2019. aastal oma jahi pardal, kui ta p\u00fc\u00fcdis Maltalt lahkuda. Enne seda oli m\u00f5rva vahendajale pakutud armuandmist, kui ta asjaga seotud inimesed paljastab.<\/p>\n<p>Prokuratuur s\u00fc\u00fcdistas Fenechit ajakirjaniku m\u00f5rva tellimises, sest viimane oli avaldamas artiklit tema onu valgust kartvate tegude kohta.<\/p>\n<p>Seni on m\u00f5rvaga seoses s\u00fc\u00fcdi m\u00f5istetud viis inimest.<\/p>\n<p>Kuidas see lugu Sind end tundma pani?Saada<a href=\"https:\/\/www.delfi.ee\/artikkel\/120608094\/malta-uuriva-ajakirjaniku-morva-korraldamises-suudistatud-arimees-moisteti-oigeks\/kommentaarid\" class=\"button button--primary button--size-auto article-body-bottom__comment article-body-bottom__comment--write\" style=\"\" rel=\"nofollow noopener\" target=\"_blank\">Kommenteeri<\/a><a href=\"https:\/\/www.delfi.ee\/artikkel\/120608094\/malta-uuriva-ajakirjaniku-morva-korraldamises-suudistatud-arimees-moisteti-oigeks\/kommentaarid\" class=\"button button--size-auto article-body-bottom__comment article-body-bottom__comment--read\" style=\"\" rel=\"nofollow noopener\" target=\"_blank\">Loe kommentaare (3)<\/a><\/p>\n","protected":false},"excerpt":{"rendered":"53-aastase Caruana Galizia m\u00f5rv 2017. aastal kutsus esile enneolematud meeleavaldused ja kukutas Malta valitsuse, vahendab AFP. Caruana Galizia&hellip;\n","protected":false},"author":2,"featured_media":267576,"comment_status":"","ping_status":"","sticky":false,"template":"","format":"standard","meta":{"footnotes":"","_share_on_mastodon":"0"},"categories":[80],"tags":[26,27,103613,37,33,35,34,36,31,32,21,28,29,95,4309,19,25,23,24,22,20,30,92,93,94],"class_list":["post-267575","post","type-post","status-publish","format-standard","has-post-thumbnail","category-maailm","tag-breaking-news","tag-breakingnews","tag-daphne-caruana-galizia","tag-ee","tag-eesti","tag-eesti-keel","tag-estonia","tag-estonian","tag-featured-news","tag-featurednews","tag-headlines","tag-latest-news","tag-latestnews","tag-maailm","tag-malta","tag-news","tag-populaarseimad-lood","tag-top-stories","tag-topstories","tag-uldised-uudised","tag-uudised","tag-viimased-uudised","tag-world","tag-world-news","tag-worldnews"],"share_on_mastodon":{"url":"https:\/\/pubeurope.com\/@ee\/117207143971065779","error":""},"_links":{"self":[{"href":"https:\/\/www.europesays.com\/ee\/wp-json\/wp\/v2\/posts\/267575","targetHints":{"allow":["GET"]}}],"collection":[{"href":"https:\/\/www.europesays.com\/ee\/wp-json\/wp\/v2\/posts"}],"about":[{"href":"https:\/\/www.europesays.com\/ee\/wp-json\/wp\/v2\/types\/post"}],"author":[{"embeddable":true,"href":"https:\/\/www.europesays.com\/ee\/wp-json\/wp\/v2\/users\/2"}],"replies":[{"embeddable":true,"href":"https:\/\/www.europesays.com\/ee\/wp-json\/wp\/v2\/comments?post=267575"}],"version-history":[{"count":0,"href":"https:\/\/www.europesays.com\/ee\/wp-json\/wp\/v2\/posts\/267575\/revisions"}],"wp:featuredmedia":[{"embeddable":true,"href":"https:\/\/www.europesays.com\/ee\/wp-json\/wp\/v2\/media\/267576"}],"wp:attachment":[{"href":"https:\/\/www.europesays.com\/ee\/wp-json\/wp\/v2\/media?parent=267575"}],"wp:term":[{"taxonomy":"category","embeddable":true,"href":"https:\/\/www.europesays.com\/ee\/wp-json\/wp\/v2\/categories?post=267575"},{"taxonomy":"post_tag","embeddable":true,"href":"https:\/\/www.europesays.com\/ee\/wp-json\/wp\/v2\/tags?post=267575"}],"curies":[{"name":"wp","href":"https:\/\/api.w.org\/{rel}","templated":true}]}}