{"id":267585,"date":"2026-09-03T12:47:13","date_gmt":"2026-09-03T12:47:13","guid":{"rendered":"https:\/\/www.europesays.com\/ee\/267585\/"},"modified":"2026-09-03T12:47:13","modified_gmt":"2026-09-03T12:47:13","slug":"munchenis-visati-tehnoloogiaettevotte-kontori-juurde-suutevahendid-politsei-kahtlustab-runnakukatset","status":"publish","type":"post","link":"https:\/\/www.europesays.com\/ee\/267585\/","title":{"rendered":"M\u00fcnchenis visati tehnoloogiaettev\u00f5tte kontori juurde s\u00fc\u00fctevahendid. Politsei kahtlustab r\u00fcnnakukatset"},"content":{"rendered":"<p>R\u00fcnnak toimus M\u00fcnchenis mitut kaitset\u00f6\u00f6stusettev\u00f5tet majutava hoonekompleksi juures asuval ehitusobjektil. Baieri liidumaa kriminaalamet oletab, et s\u00fc\u00fcter\u00fcnnak ei olnud suunatud Rohde &amp; Schwarzi v\u00f5i mitte ainult Rohde &amp; Schwarzi vastu, sest hoonekompleksis on mitme kaitset\u00f6\u00f6stusettev\u00f5tte kontorid, teatas kriminaalameti esindaja Ludwig Waldinger Baieri ringh\u00e4\u00e4lingule (BR).<\/p>\n<p>Seet\u00f5ttu tuleb oletada v\u00f5imalikku poliitilist motiivi ja lisaks kriminaalametile on juurdluse \u00fcle v\u00f5tnud ka M\u00fcncheni peaprokuratuur.<\/p>\n<p>Pealtn\u00e4gija teatas kesk\u00f6\u00f6 paiku politseile, et s\u00fc\u00fctevahendid visati M\u00fcncheni Berg am Laimi linnaosas v\u00e4lja \u00fchest autost. \u00dcks neist s\u00fcttis ehituskonteinerite juures Rohde &amp; Schwarzi peakorteri ees. Kohe kohale saabunud politseipatrull suutis tule kustutada. Kahju on v\u00e4ike ja kannatanuid ei ole.<\/p>\n<p>S\u00fcndmuskohalt leiti ka teine s\u00fc\u00fctevahend, mis ei olnud s\u00fcttinud. Kriminaalameti erij\u00f5ud tegid selle kahjutuks.<\/p>\n<p>Politseinikud pidasid l\u00e4hedal asuvas tanklas kinni kaks kahtlusalust. Kriminaalameti teatel on tegemist 28-aastase naise ja 38-aastase mehega, kes on <a rel=\"noopener nofollow\" target=\"_blank\" href=\"https:\/\/www.delfi.ee\/teema\/26663591\/bulgaaria\" tag-id=\"26663591\">Bulgaaria<\/a> kodanikud. V\u00f5imaliku motiivi v\u00f5i juhtumi tausta kohta pole veel midagi teada.<\/p>\n<p>M\u00fcncheni tehnoloogiakontsern Rohde &amp; Schwarz toodab muu hulgas julgeoleku- ja kommunikatsioonitehnoloogiat valitsusasutuste ja s\u00f5jav\u00e4gede jaoks.<\/p>\n<p>Kuidas see lugu Sind end tundma pani?Saada<a href=\"https:\/\/www.delfi.ee\/artikkel\/120608188\/munchenis-visati-tehnoloogiaettevotte-kontori-juurde-suutevahendid-politsei-kahtlustab-runnakukatset\/kommentaarid\" class=\"button button--primary button--size-auto article-body-bottom__comment article-body-bottom__comment--write\" style=\"\" rel=\"nofollow noopener\" target=\"_blank\">Kommenteeri<\/a><a href=\"https:\/\/www.delfi.ee\/artikkel\/120608188\/munchenis-visati-tehnoloogiaettevotte-kontori-juurde-suutevahendid-politsei-kahtlustab-runnakukatset\/kommentaarid\" class=\"button button--size-auto article-body-bottom__comment article-body-bottom__comment--read\" style=\"\" rel=\"nofollow noopener\" target=\"_blank\">Loe kommentaare (2)<\/a><\/p>\n","protected":false},"excerpt":{"rendered":"R\u00fcnnak toimus M\u00fcnchenis mitut kaitset\u00f6\u00f6stusettev\u00f5tet majutava hoonekompleksi juures asuval ehitusobjektil. Baieri liidumaa kriminaalamet oletab, et s\u00fc\u00fcter\u00fcnnak ei olnud&hellip;\n","protected":false},"author":2,"featured_media":267586,"comment_status":"","ping_status":"","sticky":false,"template":"","format":"standard","meta":{"footnotes":"","_share_on_mastodon":"0"},"categories":[80],"tags":[9384,26,27,2310,37,33,35,34,36,31,32,21,28,29,95,6714,19,25,51,23,24,22,20,30,92,93,94],"class_list":["post-267585","post","type-post","status-publish","format-standard","has-post-thumbnail","category-maailm","tag-baierimaa","tag-breaking-news","tag-breakingnews","tag-bulgaaria","tag-ee","tag-eesti","tag-eesti-keel","tag-estonia","tag-estonian","tag-featured-news","tag-featurednews","tag-headlines","tag-latest-news","tag-latestnews","tag-maailm","tag-munchen","tag-news","tag-populaarseimad-lood","tag-saksamaa","tag-top-stories","tag-topstories","tag-uldised-uudised","tag-uudised","tag-viimased-uudised","tag-world","tag-world-news","tag-worldnews"],"share_on_mastodon":{"url":"https:\/\/pubeurope.com\/@ee\/117207187153131918","error":""},"_links":{"self":[{"href":"https:\/\/www.europesays.com\/ee\/wp-json\/wp\/v2\/posts\/267585","targetHints":{"allow":["GET"]}}],"collection":[{"href":"https:\/\/www.europesays.com\/ee\/wp-json\/wp\/v2\/posts"}],"about":[{"href":"https:\/\/www.europesays.com\/ee\/wp-json\/wp\/v2\/types\/post"}],"author":[{"embeddable":true,"href":"https:\/\/www.europesays.com\/ee\/wp-json\/wp\/v2\/users\/2"}],"replies":[{"embeddable":true,"href":"https:\/\/www.europesays.com\/ee\/wp-json\/wp\/v2\/comments?post=267585"}],"version-history":[{"count":0,"href":"https:\/\/www.europesays.com\/ee\/wp-json\/wp\/v2\/posts\/267585\/revisions"}],"wp:featuredmedia":[{"embeddable":true,"href":"https:\/\/www.europesays.com\/ee\/wp-json\/wp\/v2\/media\/267586"}],"wp:attachment":[{"href":"https:\/\/www.europesays.com\/ee\/wp-json\/wp\/v2\/media?parent=267585"}],"wp:term":[{"taxonomy":"category","embeddable":true,"href":"https:\/\/www.europesays.com\/ee\/wp-json\/wp\/v2\/categories?post=267585"},{"taxonomy":"post_tag","embeddable":true,"href":"https:\/\/www.europesays.com\/ee\/wp-json\/wp\/v2\/tags?post=267585"}],"curies":[{"name":"wp","href":"https:\/\/api.w.org\/{rel}","templated":true}]}}