{"id":267591,"date":"2026-09-03T12:55:15","date_gmt":"2026-09-03T12:55:15","guid":{"rendered":"https:\/\/www.europesays.com\/ee\/267591\/"},"modified":"2026-09-03T12:55:15","modified_gmt":"2026-09-03T12:55:15","slug":"ootamatu-%e2%9f%a9-33-aastaselt-suri-armastatud-disney-staar-carla-jeffery","status":"publish","type":"post","link":"https:\/\/www.europesays.com\/ee\/267591\/","title":{"rendered":"OOTAMATU \u27e9 33-aastaselt suri armastatud Disney staar Carla Jeffery"},"content":{"rendered":"<p class=\"isSelectedEnd\">Jeffery surmast teatas tema kauaaegne esindaja Alexanders Talent Management. N\u00e4itlejanna oli agentuuriga koost\u00f6\u00f6d teinud juba 12. eluaastast ning tema esindajate s\u00f5nul oli nende suhe aastate jooksul kasvanud palju enamaks kui tavaliseks t\u00f6\u00f6suhteks.<\/p>\n<p class=\"isSelectedEnd\">\u00abMeil on raske leida s\u00f5nu, et v\u00e4ljendada, kui v\u00e4ga me teda igatsema j\u00e4\u00e4me,\u00bb teatas agentuur sotsiaalmeedias. Jefferyt meenutati s\u00e4rava ja andeka inimesena, kelle naeratus suutis terve ruumi valgustada.<\/p>\n<p class=\"isSelectedEnd\">N\u00e4itlejanna surma p\u00f5hjust ei ole avaldatud. Tema l\u00e4hedased on palunud sel raskel ajal privaatsust.<\/p>\n<p class=\"isSelectedEnd\">Jeffery ootamatu surm vapustas ka tema endisi sarja \u00abZombies\u00bb kaasn\u00e4itlejaid, kellega ta oli aastate jooksul l\u00e4hedaseks saanud.<\/p>\n<p class=\"isSelectedEnd\">Filmisarja \u00fcks peaosat\u00e4itjaid Milo Manheim j\u00e4ttis 33-aastase n\u00e4itlejannaga sotsiaalmeedias emotsionaalselt h\u00fcvasti. Ta meenutas Jefferyt kui \u00fcht k\u00f5ige s\u00fcdamlikumat inimest, keda ta tundnud oli, ning avaldas armastust oma lahkunud s\u00f5brale.<\/p>\n<p class=\"isSelectedEnd\">N\u00e4itleja Chandler Kinney tunnistas, et tal on juhtunut endiselt raske uskuda. \u00abSee ei tundu p\u00e4ris,\u00bb kirjutas ta, meenutades Jeffery headust ja positiivset energiat.<\/p>\n<p class=\"isSelectedEnd\">Jefferyt meenutas ka Trevor Tordjman, kelle s\u00f5nul ei unusta ta kunagi n\u00e4itlejanna energiat.<\/p>\n<p class=\"isSelectedEnd\">K\u00f5ige isiklikuma h\u00fcvastij\u00e4tu tegi aga Carla kaksikvend Carlon Jeffery.<\/p>\n<p class=\"isSelectedEnd\">Ka n\u00e4itlejana t\u00f6\u00f6tav Carlon jagas sotsiaalmeedias s\u00f5numit, mille oli oma \u00f5ele saatnud. Ta kirjutas, kui uhke ta Carla \u00fcle on, ning meenutas tema j\u00f5udu, headust ja s\u00e4ravat naeratust. Oma s\u00f5numi l\u00f5petas ta kinnitusega, et armastab \u00f5de \u00abkuuni ja tagasi\u00bb.<\/p>\n","protected":false},"excerpt":{"rendered":"Jeffery surmast teatas tema kauaaegne esindaja Alexanders Talent Management. N\u00e4itlejanna oli agentuuriga koost\u00f6\u00f6d teinud juba 12. eluaastast ning&hellip;\n","protected":false},"author":2,"featured_media":267592,"comment_status":"","ping_status":"","sticky":false,"template":"","format":"standard","meta":{"footnotes":"","_share_on_mastodon":"0"},"categories":[16],"tags":[37,33,35,137,152,153,173,151,34,36,148,154,142,143,140,144,141,146,147,145,138,150,155,139,149],"class_list":["post-267591","post","type-post","status-publish","format-standard","has-post-thumbnail","category-meelelahutus","tag-ee","tag-eesti","tag-eesti-keel","tag-elu","tag-elu-24","tag-elu24-ee","tag-entertainment","tag-erna-husko","tag-estonia","tag-estonian","tag-foto","tag-koroonaviirus","tag-kuulsus","tag-live","tag-meelelahutus","tag-muusika","tag-pidu","tag-pommuudis","tag-reality","tag-saade","tag-saagim","tag-seks","tag-silvia-ilves","tag-staar","tag-video"],"share_on_mastodon":{"url":"https:\/\/pubeurope.com\/@ee\/117207218461030290","error":""},"_links":{"self":[{"href":"https:\/\/www.europesays.com\/ee\/wp-json\/wp\/v2\/posts\/267591","targetHints":{"allow":["GET"]}}],"collection":[{"href":"https:\/\/www.europesays.com\/ee\/wp-json\/wp\/v2\/posts"}],"about":[{"href":"https:\/\/www.europesays.com\/ee\/wp-json\/wp\/v2\/types\/post"}],"author":[{"embeddable":true,"href":"https:\/\/www.europesays.com\/ee\/wp-json\/wp\/v2\/users\/2"}],"replies":[{"embeddable":true,"href":"https:\/\/www.europesays.com\/ee\/wp-json\/wp\/v2\/comments?post=267591"}],"version-history":[{"count":0,"href":"https:\/\/www.europesays.com\/ee\/wp-json\/wp\/v2\/posts\/267591\/revisions"}],"wp:featuredmedia":[{"embeddable":true,"href":"https:\/\/www.europesays.com\/ee\/wp-json\/wp\/v2\/media\/267592"}],"wp:attachment":[{"href":"https:\/\/www.europesays.com\/ee\/wp-json\/wp\/v2\/media?parent=267591"}],"wp:term":[{"taxonomy":"category","embeddable":true,"href":"https:\/\/www.europesays.com\/ee\/wp-json\/wp\/v2\/categories?post=267591"},{"taxonomy":"post_tag","embeddable":true,"href":"https:\/\/www.europesays.com\/ee\/wp-json\/wp\/v2\/tags?post=267591"}],"curies":[{"name":"wp","href":"https:\/\/api.w.org\/{rel}","templated":true}]}}