{"id":267599,"date":"2026-09-03T13:07:14","date_gmt":"2026-09-03T13:07:14","guid":{"rendered":"https:\/\/www.europesays.com\/ee\/267599\/"},"modified":"2026-09-03T13:07:14","modified_gmt":"2026-09-03T13:07:14","slug":"fotod-kleit-mis-annab-marku-uhe-ajastu-loppemisest-ja-uue-algusest-nicole-kidman-kandis-versace-loovjuhi-loomingut","status":"publish","type":"post","link":"https:\/\/www.europesays.com\/ee\/267599\/","title":{"rendered":"FOTOD | Kleit, mis annab m\u00e4rku \u00fche ajastu l\u00f5ppemisest ja uue algusest. Nicole Kidman kandis Versace loovjuhi loomingut"},"content":{"rendered":"<p class=\"isSelectedEnd\">Viimastel aastatel on suurte moemajade uued loovjuhid hakanud oma esimesi samme tegema \u00fcha sagedamini just punasel vaibal. Enne ametlikku moeetendust annavad kuulsuste seljas n\u00e4htavad r\u00f5ivad avalikkusele v\u00e4ikese vihje, mida uuelt disainerilt oodata. Ka Pieter Mulier otsustas oma Versace-ajastu esimese peat\u00fcki avada just sel moel, pakkudes esimese kauaoodatud vihje Nicole Kidmani r\u00f5ivastusega.<\/p>\n<p><img decoding=\"async\" src=\"https:\/\/www.europesays.com\/ee\/wp-content\/uploads\/2026\/09\/2a365bee-f033-43cd-aadc-8255e372ec35.jpg\" loading=\"lazy\" alt=\"Versace moemaja loomingut on alati iseloomustanud sensuaalsus, tugevad siluetid ja Hollywoodi glamuur. Seega ei pea uus disainer Versace olemust nullist \u00fcmber kirjutama.\"\/><\/p>\n<p class=\"isSelectedEnd\"><a rel=\"noopener nofollow\" target=\"_blank\" href=\"https:\/\/www.delfi.ee\/teema\/26497069\/los-angeles\" tag-id=\"26497069\">Los Angeleses<\/a> toimunud filmi \u201eIgap\u00e4evane n\u00f5iakunst 2\u201c esilinastusele saabus Kidman mustas Versace pitskleidis, mis oli valmistatud k\u00e4sitsi intarsiatehnikas. Selle siluett oli korraga sensuaalne ja s\u00fcnge. As\u00fcmmeetriline seelikuosa paljastas \u00fche jala ning kleidi keha j\u00e4rgivat l\u00f5iget t\u00e4iendasid s\u00fcgav dekoltee ja l\u00e4bikumav pits. Kidmani v\u00e4limusele andsid viimase lihvi tihedalt \u00fcmber kaela hoidev kaelakee ja Manolo Blahniku stiletod.<\/p>\n<p class=\"isSelectedEnd\">Tulemuseks oli teadlikult \u201en\u00f5iduslik\u201c v\u00e4limus, mis sobis suurep\u00e4raselt filmi temaatikaga. Samal ajal oli selles palju Versacele omast \u2013 keha r\u00f5hutav l\u00f5ige, julgus, sensuaalsus ja ajatu Hollywoodi glamuur.<\/p>\n<p><img decoding=\"async\" src=\"https:\/\/www.europesays.com\/ee\/wp-content\/uploads\/2026\/09\/f20c8282-ed96-4d9d-bbe6-6346b3d08330.jpg\" loading=\"lazy\"\/><\/p>\n<p>Mida see Versace kohta tegelikult \u00fctleb?<\/p>\n<p class=\"isSelectedEnd\">Loomulikult ei saa \u00fcks kleit anda t\u00e4ielikku pilti sellest, milline on tulevikus Mulier\u2019 n\u00e4gemus maailmakuulsast moemajast, k\u00fcll aga v\u00e4ikesi vihjeid. Mulier on tuntud oma t\u00e4pse ja keha j\u00e4rgiva disaini poolest ning seda m\u00f5jutust on juba ka Kidmani kleidi puhul m\u00e4rgata. Tema varasem t\u00f6\u00f6 Ala\u00efa moemajas n\u00e4itas samuti keskendumist figuurile, konstruktsioonile ja materjalide kvaliteedile.<\/p>\n<p class=\"isSelectedEnd\">Mulier nimetati Versace uueks loovjuhiks 2026. aasta veebruaris ning asus ametlikult ametisse 1. juulil. Tema esimene ametlik moekollektsioon Versacele on kavandatud 2027. aasta veebruariks.<\/p>\n<p class=\"isSelectedEnd\">Mulier\u2019 ametisse nimetamise teeb huvitavaks ka tema eelk\u00e4ija Dario Vitale p\u00e4rand. Vitale j\u00f5udis moemaja juhtida suhteliselt l\u00fchikest aega, kuid tema esimene ja ainsaks j\u00e4\u00e4nud kollektsioon teenis moet\u00f6\u00f6stuses palju t\u00e4helepanu ning p\u00e4lvis tugeva poolehoiu. <\/p>\n<p><a href=\"http:\/\/annestiil.delfi.ee\/artikkel\/120434308\/uued-suunad-moemaailmas-alaia-loovjuht-pieter-mulier-liigub-versacesse#dalrel-in-article\" class=\"content-embedded-articles-single__embedded-article\" data-v-6f4d311d=\"\" rel=\"nofollow noopener\" target=\"_blank\"><\/p>\n<p>06.02.2026<\/p>\n<p>Uued suunad moemaailmas! Ala\u00efa loovjuht Pieter Mulier liigub Versacesse<\/p>\n<p><\/a>Kuidas see lugu Sind end tundma pani?Saada<a href=\"https:\/\/annestiil.delfi.ee\/artikkel\/120608102\/fotod-kleit-mis-annab-marku-uhe-ajastu-loppemisest-ja-uue-algusest-nicole-kidman-kandis-versace-loovjuhi-loomingut\/kommentaarid\" class=\"button button--primary button--size-auto article-body-bottom__comment article-body-bottom__comment--write\" style=\"\" rel=\"nofollow noopener\" target=\"_blank\">Kommenteeri<\/a><a href=\"https:\/\/annestiil.delfi.ee\/artikkel\/120608102\/fotod-kleit-mis-annab-marku-uhe-ajastu-loppemisest-ja-uue-algusest-nicole-kidman-kandis-versace-loovjuhi-loomingut\/kommentaarid\" class=\"button button--size-auto article-body-bottom__comment article-body-bottom__comment--read\" style=\"\" rel=\"nofollow noopener\" target=\"_blank\">Loe kommentaare <\/a><\/p>\n","protected":false},"excerpt":{"rendered":"Viimastel aastatel on suurte moemajade uued loovjuhid hakanud oma esimesi samme tegema \u00fcha sagedamini just punasel vaibal. Enne&hellip;\n","protected":false},"author":2,"featured_media":267600,"comment_status":"","ping_status":"","sticky":false,"template":"","format":"standard","meta":{"footnotes":"","_share_on_mastodon":"0"},"categories":[16],"tags":[37,33,35,173,34,36,70020,8918,140,6014,16757,28566],"class_list":["post-267599","post","type-post","status-publish","format-standard","has-post-thumbnail","category-meelelahutus","tag-ee","tag-eesti","tag-eesti-keel","tag-entertainment","tag-estonia","tag-estonian","tag-loovjuht","tag-los-angeles","tag-meelelahutus","tag-nicole-kidman","tag-punane-vaip","tag-versace"],"share_on_mastodon":{"url":"https:\/\/pubeurope.com\/@ee\/117207266248114030","error":""},"_links":{"self":[{"href":"https:\/\/www.europesays.com\/ee\/wp-json\/wp\/v2\/posts\/267599","targetHints":{"allow":["GET"]}}],"collection":[{"href":"https:\/\/www.europesays.com\/ee\/wp-json\/wp\/v2\/posts"}],"about":[{"href":"https:\/\/www.europesays.com\/ee\/wp-json\/wp\/v2\/types\/post"}],"author":[{"embeddable":true,"href":"https:\/\/www.europesays.com\/ee\/wp-json\/wp\/v2\/users\/2"}],"replies":[{"embeddable":true,"href":"https:\/\/www.europesays.com\/ee\/wp-json\/wp\/v2\/comments?post=267599"}],"version-history":[{"count":0,"href":"https:\/\/www.europesays.com\/ee\/wp-json\/wp\/v2\/posts\/267599\/revisions"}],"wp:featuredmedia":[{"embeddable":true,"href":"https:\/\/www.europesays.com\/ee\/wp-json\/wp\/v2\/media\/267600"}],"wp:attachment":[{"href":"https:\/\/www.europesays.com\/ee\/wp-json\/wp\/v2\/media?parent=267599"}],"wp:term":[{"taxonomy":"category","embeddable":true,"href":"https:\/\/www.europesays.com\/ee\/wp-json\/wp\/v2\/categories?post=267599"},{"taxonomy":"post_tag","embeddable":true,"href":"https:\/\/www.europesays.com\/ee\/wp-json\/wp\/v2\/tags?post=267599"}],"curies":[{"name":"wp","href":"https:\/\/api.w.org\/{rel}","templated":true}]}}