{"id":267603,"date":"2026-09-03T13:11:24","date_gmt":"2026-09-03T13:11:24","guid":{"rendered":"https:\/\/www.europesays.com\/ee\/267603\/"},"modified":"2026-09-03T13:11:24","modified_gmt":"2026-09-03T13:11:24","slug":"kremli-abi-sonul-voib-novembris-toimuda-putini-trumpi-ja-xi-kolmepoolne-kohtumine","status":"publish","type":"post","link":"https:\/\/www.europesays.com\/ee\/267603\/","title":{"rendered":"Kremli abi s\u00f5nul v\u00f5ib novembris toimuda Putini, Trumpi ja Xi kolmepoolne kohtumine"},"content":{"rendered":"<p>\u201eSeda teemat puudutati, jah,\u201c \u00fctles U\u0161akov uudistesaatele \u201eVesti\u201c, vastates k\u00fcsimusele, kas kolmepoolsest kohtumisest oli juttu Putini ja Xi kohtumisel Shanghai Koost\u00f6\u00f6organisatsiooni tippkohtumise ajal <a rel=\"noopener nofollow\" target=\"_blank\" href=\"https:\/\/www.delfi.ee\/teema\/56817864\/korgozstan\" tag-id=\"56817864\">K\u00f5rg\u00f5zstani<\/a> pealinnas <a rel=\"noopener nofollow\" target=\"_blank\" href=\"https:\/\/www.delfi.ee\/teema\/56941546\/biskek\" tag-id=\"56941546\">Bi\u0161kekis<\/a>, vahendab Interfax.<\/p>\n<p>U\u0161akovi s\u00f5nul mainis APEC-i tippkohtumise v\u00f5\u00f5rustaja Xi, et k\u00f5ige j\u00e4rgi otsustades on Trump tulemas ja Putin on samuti kutsutud.<\/p>\n<p>\u201eKui \u00f5nnestub, nagu \u00f6eldi, v\u00f5ib organiseerida ka kohtumise kolmekesi v\u00f5i v\u00e4hemalt m\u00f5lemaga kindlasti kohtuda,\u201c \u00fctles U\u0161akov.<\/p>\n<p>\u201eMeil ei ole president Trumpi osalemise kohta APEC-il praegu mingeid teadaandeid,\u201c \u00fctles Valge Maja esindaja Anna Kelly Reutersile.<\/p>\n<p>APEC-i tippkohtumine toimub 18.-19. novembril Hiinas <a rel=\"noopener nofollow\" target=\"_blank\" href=\"https:\/\/www.delfi.ee\/teema\/32147881\/shenzhen\" tag-id=\"32147881\">Shenzhenis<\/a>.<\/p>\n<p>Kuidas see lugu Sind end tundma pani?Saada<a href=\"https:\/\/www.delfi.ee\/artikkel\/120607792\/kremli-abi-sonul-voib-novembris-toimuda-putini-trumpi-ja-xi-kolmepoolne-kohtumine\/kommentaarid\" class=\"button button--primary button--size-auto article-body-bottom__comment article-body-bottom__comment--write\" style=\"\" rel=\"nofollow noopener\" target=\"_blank\">Kommenteeri<\/a><a href=\"https:\/\/www.delfi.ee\/artikkel\/120607792\/kremli-abi-sonul-voib-novembris-toimuda-putini-trumpi-ja-xi-kolmepoolne-kohtumine\/kommentaarid\" class=\"button button--size-auto article-body-bottom__comment article-body-bottom__comment--read\" style=\"\" rel=\"nofollow noopener\" target=\"_blank\">Loe kommentaare (24)<\/a><\/p>\n","protected":false},"excerpt":{"rendered":"\u201eSeda teemat puudutati, jah,\u201c \u00fctles U\u0161akov uudistesaatele \u201eVesti\u201c, vastates k\u00fcsimusele, kas kolmepoolsest kohtumisest oli juttu Putini ja Xi&hellip;\n","protected":false},"author":2,"featured_media":267604,"comment_status":"","ping_status":"","sticky":false,"template":"","format":"standard","meta":{"footnotes":"","_share_on_mastodon":"0"},"categories":[80],"tags":[102902,26,27,324,37,33,35,34,36,31,32,21,326,12329,6581,28,29,95,19,25,47179,23,24,22,325,20,1177,96,30,661,92,93,94,327],"class_list":["post-267603","post","type-post","status-publish","format-standard","has-post-thumbnail","category-maailm","tag-biskek","tag-breaking-news","tag-breakingnews","tag-donald-trump","tag-ee","tag-eesti","tag-eesti-keel","tag-estonia","tag-estonian","tag-featured-news","tag-featurednews","tag-headlines","tag-hiina","tag-juri-usakov","tag-korgozstan","tag-latest-news","tag-latestnews","tag-maailm","tag-news","tag-populaarseimad-lood","tag-shenzhen","tag-top-stories","tag-topstories","tag-uldised-uudised","tag-usa","tag-uudised","tag-valge-maja-usa","tag-venemaa","tag-viimased-uudised","tag-vladimir-putin","tag-world","tag-world-news","tag-worldnews","tag-xi-jinping"],"share_on_mastodon":{"url":"https:\/\/pubeurope.com\/@ee\/117207281749632856","error":""},"_links":{"self":[{"href":"https:\/\/www.europesays.com\/ee\/wp-json\/wp\/v2\/posts\/267603","targetHints":{"allow":["GET"]}}],"collection":[{"href":"https:\/\/www.europesays.com\/ee\/wp-json\/wp\/v2\/posts"}],"about":[{"href":"https:\/\/www.europesays.com\/ee\/wp-json\/wp\/v2\/types\/post"}],"author":[{"embeddable":true,"href":"https:\/\/www.europesays.com\/ee\/wp-json\/wp\/v2\/users\/2"}],"replies":[{"embeddable":true,"href":"https:\/\/www.europesays.com\/ee\/wp-json\/wp\/v2\/comments?post=267603"}],"version-history":[{"count":0,"href":"https:\/\/www.europesays.com\/ee\/wp-json\/wp\/v2\/posts\/267603\/revisions"}],"wp:featuredmedia":[{"embeddable":true,"href":"https:\/\/www.europesays.com\/ee\/wp-json\/wp\/v2\/media\/267604"}],"wp:attachment":[{"href":"https:\/\/www.europesays.com\/ee\/wp-json\/wp\/v2\/media?parent=267603"}],"wp:term":[{"taxonomy":"category","embeddable":true,"href":"https:\/\/www.europesays.com\/ee\/wp-json\/wp\/v2\/categories?post=267603"},{"taxonomy":"post_tag","embeddable":true,"href":"https:\/\/www.europesays.com\/ee\/wp-json\/wp\/v2\/tags?post=267603"}],"curies":[{"name":"wp","href":"https:\/\/api.w.org\/{rel}","templated":true}]}}